{"id":10606,"date":"2021-04-23T18:42:37","date_gmt":"2021-04-23T16:42:37","guid":{"rendered":"https:\/\/ams.monster\/blogg\/?p=10606"},"modified":"2022-04-23T18:42:37","modified_gmt":"2022-04-23T16:42:37","slug":"morten-schau-kommunikasjonssjef-i-elvia-as-bloffer-av-uvitenhet","status":"publish","type":"post","link":"https:\/\/ams.monster\/blogg\/morten-schau-kommunikasjonssjef-i-elvia-as-bloffer-av-uvitenhet\/","title":{"rendered":"Morten Schau, kommunikasjonssjef i Elvia AS bl\u00f8ffer av uvitenhet"},"content":{"rendered":"<p>Kommunikasjonssjef Morten Schau i nettselskapet Elvia AS har ikke forst\u00e5tt hva en installasjon av <a style=\"outline: none;\" href=\"void(0)\" target=\"_blank\" rel=\"noopener\">AMS<\/a> faktisk inneb\u00e6rer for sluttbrukeren. Morten Schau avsl\u00f8rer igjen sin inkompetanse i <a style=\"outline: none;\" href=\"https:\/\/www.ha-halden.no\/nekter-a-installere-strommalere-na-motes-de-i-retten\/s\/5-20-948555\" target=\"_blank\" rel=\"noopener\">artikkelen til Halden Arbeiderblad<\/a> 19\/4-21 (bak betalingsmur). <a style=\"outline: none;\" href=\"https:\/\/ams.monster\/media\/Halden-Arbeiderblad-Nekter-a-installere-strommalere-na-motes-de-i-retten-22.4.21.pdf\" target=\"_blank\" rel=\"noopener\">Les PDF utgaven her helt uten betalingsmur<\/a>. At Schau gir slike dumme svar til media hver gang er av direkte kunnskapsl\u00f8shet. Schau har ikke forst\u00e5tt hvilke nettjenester hans arbeidsgiver Elvia faktisk leverer til nettkunden. Det er bekymringsfullt.<\/p>\n<p>Kundene tok dette opp med Schau i 2019 n\u00e5r Elvia fremsatte trusler om str\u00f8mstengning hvis kundene ikke leverte legeattest for fritak for AMS som Elvia p\u00e5st\u00e5 var et absolutt krav fra myndighetene. P\u00e5 grunn av dette har\u00a0<a style=\"outline: none;\" href=\"https:\/\/ams.monster\/blogg\/vil-datatilsynet-gi-nettselskapene-et-overtredelsesgebyr\/\" target=\"_blank\" rel=\"noopener\">Elvia har en p\u00e5g\u00e5ende ulovlighet sak med Datatilsynet<\/a>. Elvia har manglende behandlingsgrunnlag av s\u00e6rlige kategorier av personopplysninger, herav helseopplysninger. <a style=\"outline: none;\" href=\"https:\/\/ams.monster\/blogg\/datatilsynet\/\" target=\"_blank\" rel=\"noopener\">L<\/a><a style=\"outline: none;\" href=\"https:\/\/ams.monster\/blogg\/datatilsynet\/\" target=\"_blank\" rel=\"noopener\">es mer her om den p\u00e5g\u00e5ende klagesaken med Datatilsynet<\/a>.<\/p>\n<p><img data-opt-id=242801592  fetchpriority=\"high\" decoding=\"async\" title=\"elvia-morten-schau-stengemannen\" src=\"https:\/\/mletj9hl6nds.i.optimole.com\/cb:tkqR.3d908\/w:auto\/h:auto\/q:mauto\/f:best\/https:\/\/ams.monster\/blogg\/wp-content\/uploads\/2021\/02\/elvia-morten-schau-stengemannen.jpg\" alt=\"Elivia sin stengemann Morten Schau\" width=\"222\" height=\"242\" data-id=\"8598\" data-init-width=\"700\" data-init-height=\"761\" data-width=\"222\" data-height=\"242\" data-link-wrap=\"true\" \/><img data-opt-id=1640055874  fetchpriority=\"high\" decoding=\"async\" title=\"elvia-logo-1\" src=\"https:\/\/mletj9hl6nds.i.optimole.com\/cb:tkqR.3d908\/w:auto\/h:auto\/q:mauto\/f:best\/https:\/\/ams.monster\/blogg\/wp-content\/uploads\/2021\/02\/elvia-logo-1.png\" alt=\"\" width=\"222\" height=\"98\" data-id=\"8600\" data-init-width=\"337\" data-init-height=\"149\" data-width=\"222\" data-height=\"98\" data-link-wrap=\"true\" \/><\/p>\n<p>Morten Schau sier i artikkelen at Elvia ikke bryr seg om \u00e5 f\u00f8lge lovverket, og n\u00e5r kundene p\u00e5peker ulovligheten, gidder de ikke \u00e5 sjekke det opp. Elvia er ikke interessert i \u00e5 ha en dialog med kundene. Elvia er mer opphengt i \u00e5 ha rett en \u00e5 gj\u00f8re rett. Elvia opptrer p\u00e5 en arrogant m\u00e5te, en kriminell virksomhet som bedriver med monopolmisbruk.<\/p>\n<p>Artikkelen i Halden Arbeiderblad var om en sak som\u00a0<a style=\"outline: none;\" target=\"_blank\" rel=\"noopener\">S\u00f8ndre \u00d8stfold tingrett<\/a> (Halden tinghus) behandlet den 19.-20. mai 2021. Tingretten skulle ta stilling til om kundenes begrunnelse for \u00e5 motsette seg ny m\u00e5ler er \u00ab\u00e5penbart urimelig\u00bb. Det er f\u00f8rste sak i Norge der helsevirkningene fra de s\u00e5kalte &laquo;AMS-m\u00e5lerne&raquo; behandles av retten. <a style=\"outline: none;\" href=\"https:\/\/einarflydal.com\/2021\/04\/08\/ams-da-er-innspurten-mot-halden-saken-i-gang\/\" target=\"_blank\" rel=\"noopener\">Les mer om saken p\u00e5 bloggen til Flydal<\/a>.<\/p>\n<ul>\n<li>Domsavgj\u00f8relsen av 7.6.2021 &#8211; 24 sider finner du <a style=\"outline: none;\" href=\"https:\/\/ams.monster\/dom\/7.6.2021-Halden-tingrett-dom-i-sivil-sak-20-187442TVI-TSOSTHAL-sak-20-143133TVI-TSOSTHAL.pdf\" target=\"_blank\" rel=\"noopener\">her<\/a>. Rettens vurdering: Elvia AS frifinnes.<\/li>\n<li>Saks\u00f8kernes (kundene) p\u00e5stander om negative helsevirkninger fra kommunikasjonsenheten (AMS-m\u00e5ler) er i dommen funnet \u00e5penbart grunnl\u00f8se. Bevisene til saks\u00f8kerne ble ikke tatt hensyn til. Saks\u00f8kerne er d\u00f8mt til \u00e5 b\u00e6re det meste av nettselskapet Elvias sakskostnader.<\/li>\n<li>Dommen er anket. Skal opp i Borgarting lagmannsrett september 2022.<\/li>\n<li>Mots\u00f8ksm\u00e5let: Elvia fikk ikke noen fullbyrdelsesdom \u2013 alts\u00e5 rett til \u00e5 tvinge seg inn for \u00e5 skifte ut m\u00e5leren.\u00a0<a style=\"outline: none;\" href=\"https:\/\/ams.monster\/dom\/7.6.2021-Halden-tingrett-dom-i-sivil-sak-20-187442TVI-TSOSTHAL-sak-20-143133TVI-TSOSTHAL-utdrag-side-21-22.pdf\" target=\"_blank\" rel=\"noopener\">Utdrag av dommen side 21-22 punkt 4 side 21-22<\/a>.<\/li>\n<li><a style=\"outline: none;\" href=\"https:\/\/einarflydal.com\/2021\/06\/10\/halden-dommen-om-ams-malerne-slik-advokaten-ser-den\/\" target=\"_blank\" rel=\"noopener\">Slik advokat Matre ser p\u00e5 dommen av 7. juni 2021<\/a>.<\/li>\n<\/ul>\n<blockquote><p><strong>LES OGS\u00c5<\/strong><a style=\"outline: none;\" href=\"https:\/\/ams.monster\/blogg\/lagmannsretten-palegger-glitre-energi-nett-og-lyse-elnett-straks-a-koble-pa-strommen\/\" target=\"_blank\" rel=\"noopener\">Lagmannsretten p\u00e5legger Glitre Energi Nett og Lyse Elnett straks \u00e5 koble p\u00e5 str\u00f8mmen<\/a><\/p><\/blockquote>\n<p><img data-opt-id=1125035467  fetchpriority=\"high\" decoding=\"async\" title=\"HA - Nekter \u00e5 installere str\u00f8mm\u00e5lere \u2013 n\u00e5 m\u00f8tes de i retten mot Elvia\" src=\"https:\/\/mletj9hl6nds.i.optimole.com\/cb:tkqR.3d908\/w:auto\/h:auto\/q:mauto\/f:best\/https:\/\/ams.monster\/blogg\/wp-content\/uploads\/2021\/04\/HA-Nekter-a-installere-strommalere-–-na-motes-de-i-retten-mot-Elvia-1-e1619307674583.jpg\" alt=\"\" width=\"222\" height=\"231\" data-id=\"10759\" data-init-width=\"800\" data-init-height=\"830\" data-width=\"222\" data-height=\"231\" data-link-wrap=\"true\" \/><\/p>\n<p><strong>&laquo;<em>\u2013 Nekter \u00e5 installere str\u00f8mm\u00e5lere \u2013 n\u00e5 m\u00f8tes de i retten. \u00c5tte haldensere og aremarkinger nekter \u00e5 installere de nye AMS-m\u00e5lerne og risikerer derfor \u00e5 miste str\u00f8mmen. Snart m\u00f8ter de str\u00f8mselskapet Elvia AS i retten&raquo;<\/em><\/strong><\/p>\n<p><strong>Tilbake til artikkelen.<\/strong><\/p>\n<p>Morten Schau starter med \u00e5 si f\u00f8lgende: <strong>\u2013 Man m\u00e5 ha en str\u00f8mm\u00e5ler<\/strong>. Men Schau, det som han definerer som en str\u00f8mm\u00e5ler, er en smartm\u00e5ler, og kommunikasjonsenheten i smartm\u00e5leren er kunden ikke pliktig til \u00e5 installere etter <a style=\"outline: none;\" href=\"https:\/\/ams.monster\/blogg\/ams-dom-i-kristiansand-tingrett\/\" target=\"_blank\" rel=\"noopener\">nettleieavtalen<\/a>. Han snakker om en AMS-m\u00e5ler, er et m\u00e5leutstyr, det er det ikke. Hva skal da AMS-m\u00e5leren m\u00e5le, AMS <a style=\"outline: none;\" href=\"void(0)\" target=\"_blank\" rel=\"noopener\">(Avanserte m\u00e5le- og styringssystem)<\/a>?<\/p>\n<p>Kommunikasjonssjefen i Elvia har ikke skj\u00f8nt hva en installasjon av AMS hos sluttbruker faktisk inneb\u00e6rer if\u00f8lge ordlyden i <a style=\"outline: none;\" href=\"https:\/\/lovdata.no\/forskrift\/1999-03-11-301\/%C2%A74-1\" target=\"_blank\" rel=\"noopener nofollow ugc\">avregningsforskriften \u00a7 4-1.Plikt til \u00e5 installere AMS<\/a>. Den sier ingenting om en m\u00e5ler. NVE har aldri p\u00e5lagt nettselskapene \u00e5 bytte m\u00e5leren hos kunden.<\/p>\n<p><img data-opt-id=196799359  data-opt-src=\"https:\/\/mletj9hl6nds.i.optimole.com\/cb:tkqR.3d908\/w:auto\/h:auto\/q:mauto\/f:best\/https:\/\/ams.monster\/blogg\/wp-content\/uploads\/2020\/10\/nve-svar-med-ingen-plikt-til-a-bytte-ut-maleren.jpg\"  decoding=\"async\" title=\"nve-svar-med-ingen-plikt-til-a-bytte-ut-maleren\" src=\"https:\/\/mletj9hl6nds.i.optimole.com\/cb:tkqR.3d908\/w:auto\/h:auto\/q:eco\/f:best\/https:\/\/ams.monster\/blogg\/wp-content\/uploads\/2020\/10\/nve-svar-med-ingen-plikt-til-a-bytte-ut-maleren.jpg\" alt=\"NVE ingen plikt \u00e5 bytte ut m\u00e5leren\" width=\"679\" height=\"232\" data-id=\"6196\" data-init-width=\"1009\" data-init-height=\"345\" data-width=\"679\" data-height=\"232\" data-link-wrap=\"true\" \/><noscript><img data-opt-id=196799359  decoding=\"async\" title=\"nve-svar-med-ingen-plikt-til-a-bytte-ut-maleren\" src=\"https:\/\/mletj9hl6nds.i.optimole.com\/cb:tkqR.3d908\/w:auto\/h:auto\/q:mauto\/f:best\/https:\/\/ams.monster\/blogg\/wp-content\/uploads\/2020\/10\/nve-svar-med-ingen-plikt-til-a-bytte-ut-maleren.jpg\" alt=\"NVE ingen plikt \u00e5 bytte ut m\u00e5leren\" width=\"679\" height=\"232\" data-id=\"6196\" data-init-width=\"1009\" data-init-height=\"345\" data-width=\"679\" data-height=\"232\" data-link-wrap=\"true\" \/></noscript><\/p>\n<p>\u00a7 4-1 sier at nettselskapene skal installere\u00a0<a style=\"outline: none;\" href=\"https:\/\/mletj9hl6nds.i.optimole.com\/cb:tkqR.3d908\/w:auto\/h:auto\/q:mauto\/f:best\/https:\/\/ams.monster\/blogg\/wp-content\/uploads\/2019\/05\/hva-er-ams-fra-en-masteroppgave.jpg\" target=\"_blank\" rel=\"noopener\"><em>\u00abAvanserte m\u00e5le- og styringssystem<\/em>\u00bb<\/a> (hva n\u00e5 enn forskriften mener dette skal inkludere) p\u00e5 alle m\u00e5lepunkter. Til \u00e5 v\u00e6re ett p\u00e5bud er det ikke akkurat s\u00e6rlig spesifisert. For det hverken inkluderer noe spesifikt, eller ekskluderer noe. Og for \u00e5 sette det helt p\u00e5 spissen; med tanke p\u00e5 hva AMS faktisk inneholder, burde \u00a7 4\u20101b automatisk bli utl\u00f8st for alle m\u00e5lepunkter.<\/p>\n<p><img data-opt-id=1835416726  data-opt-src=\"https:\/\/mletj9hl6nds.i.optimole.com\/cb:tkqR.3d908\/w:auto\/h:auto\/q:mauto\/f:best\/https:\/\/ams.monster\/blogg\/wp-content\/uploads\/2019\/05\/4-1.Plikt-til-a-installere-AMS-med-to-unntak.jpg\"  decoding=\"async\" title=\"4-1.Plikt-til-a-installere-AMS-med-to-unntak\" src=\"https:\/\/mletj9hl6nds.i.optimole.com\/cb:tkqR.3d908\/w:auto\/h:auto\/q:eco\/f:best\/https:\/\/ams.monster\/blogg\/wp-content\/uploads\/2019\/05\/4-1.Plikt-til-a-installere-AMS-med-to-unntak.jpg\" alt=\"\u00a7 4-1.Plikt til \u00e5 installere AMS\" width=\"697\" height=\"291\" data-id=\"3703\" data-init-width=\"710\" data-init-height=\"296\" data-width=\"697\" data-height=\"291\" data-link-wrap=\"true\" \/><noscript><img data-opt-id=1835416726  decoding=\"async\" title=\"4-1.Plikt-til-a-installere-AMS-med-to-unntak\" src=\"https:\/\/mletj9hl6nds.i.optimole.com\/cb:tkqR.3d908\/w:auto\/h:auto\/q:mauto\/f:best\/https:\/\/ams.monster\/blogg\/wp-content\/uploads\/2019\/05\/4-1.Plikt-til-a-installere-AMS-med-to-unntak.jpg\" alt=\"\u00a7 4-1.Plikt til \u00e5 installere AMS\" width=\"697\" height=\"291\" data-id=\"3703\" data-init-width=\"710\" data-init-height=\"296\" data-width=\"697\" data-height=\"291\" data-link-wrap=\"true\" \/></noscript><\/p>\n<p>Morten Schau tror at <a style=\"outline: none;\" href=\"https:\/\/ams.monster\/bilder\/smartmeter.htm\" target=\"_blank\" rel=\"noopener\">kommunikasjonskortet i smartm\u00e5leren<\/a> er et m\u00e5leutstyr. Nettleieavtalen ble laget i en tid f\u00f8r smartm\u00e5lere ble ett hett tema for husholdninger, og ikke oppdatert siden 2007. Det bringer frem noen interessante problemstillinger. En smartm\u00e5ler best\u00e5r nemlig av 2 ting, en m\u00e5leenhet og en kommunikasjonsenhet. Og sistnevnte er ikke pga. avtalens alder ikke ett tema i avtalen. Men avregningsforskriften \u00a7 4\u20101 p\u00e5legger nettselskapet allikevel \u00e5 installere \u00abAMS\u00bb (hva n\u00e5 enn forskriften mener dette skal inkludere) p\u00e5 alle m\u00e5lepunkter. Men forskriften setter ikke krav om hvilken type kommunikasjonsenhet det skal v\u00e6re, og NVE legger seg ikke opp i hvilken type kommunikasjonsenhet nettselskapet velger.<\/p>\n<p><a style=\"outline: none;\" href=\"https:\/\/einarflydal.com\/2021\/04\/22\/felo-vant-i-miljoklagenemnda-aidon-og-kamstrup-ma-levere-ut-malinger\/\" target=\"_blank\" rel=\"noopener\">Les vedtakene fra Milj\u00f8klagenemnda: Aidon og Kamstrup m\u00e5 levere ut m\u00e5linger<\/a>. Positive vedtak for de kundene som mener de blir syk av den nye smartm\u00e5leren. Hvis du er bekymret over teknologien nettselskapene benytter i smartm\u00e5leren, b\u00f8r du se denne videoen om AMS og milj\u00f8informasjonsloven etter 23.15 min.. <a style=\"outline: currentcolor none medium;\" href=\"https:\/\/youtu.be\/UXjAEMkXSLY\" target=\"_blank\" rel=\"noopener\">Videoen er i to deler<\/a>.<\/p>\n<blockquote><p><strong>LES MER<\/strong><span data-attr-css=\"\" data-attr-link=\"1\" data-attr-rel=\"0\" data-attr-target=\"0\" data-extra_key=\"\" data-option-inline=\"1\" data-shortcode=\"tcb_post_title\" data-shortcode-name=\"Post title\"><a style=\"outline: none;\" href=\"https:\/\/ams.monster\/blogg\/standard-nettleieavtale-er-ment-a-vaere-en-veiledende-avtale-ingen-forpliktelse-for-kunden\/\" target=\"_blank\" rel=\"noopener\">Standard nettleieavtale er ment \u00e5 v\u00e6re en \u00abveiledende\u00bb avtale \u2013 ingen forpliktelser for kunden<\/a><\/span><\/p><\/blockquote>\n<p>Kommunikasjonskortet (et tr\u00e5dl\u00f8st nettverkskort) er ikke et m\u00e5leutstyr samme hvordan Schau vender p\u00e5 det. Setter du leppestift p\u00e5 en gris, s\u00e5 er det fortsatt en gris. Kommunikasjonskortet bytter ikke virkem\u00e5te fra \u00e5 bli et kommunikasjonskort til \u00e5 bli en m\u00e5leenhet bare fordi man setter det inn i en str\u00f8mm\u00e5ler.<\/p>\n<p>Siden Schau p\u00e5st\u00e5r at kommunikasjonskortet i smartm\u00e5leren er \u00e5 betrakte som et m\u00e5leutstyr. Har Justervesenet godkjent det? Har det ikke v\u00e6rt godkjent av Justervesenet, s\u00e5 er det ikke godkjent m\u00e5leutstyr. Hvordan kan det v\u00e6re et m\u00e5leutstyr n\u00e5r det ikke har v\u00e6rt godkjent av Justervesenet? Hvis Schau mener at det er et m\u00e5leutstyr og det ikke er godkjent av Justervesenet, da har nettselskapene ikke lov til \u00e5 montere dette hjemme hos kunden.<\/p>\n<p>Les kommentaren fra Justervesenet til NVE-RMEs begrepsbruk rundt en AMS-m\u00e5ler med og uten kommunikasjonsenhet i forhold til en elektrisitetsm\u00e5ler = en m\u00e5lenhet.<\/p>\n<p><img data-opt-id=1780754065  data-opt-src=\"https:\/\/mletj9hl6nds.i.optimole.com\/cb:tkqR.3d908\/w:auto\/h:auto\/q:mauto\/f:best\/https:\/\/ams.monster\/blogg\/wp-content\/uploads\/2021\/01\/justervesenet-vedrorende-definisjonen-av-ams-maler.jpg\"  decoding=\"async\" title=\"justervesenet-vedr\u00f8rende-definisjonen-av-ams-m\u00e5ler\" src=\"https:\/\/mletj9hl6nds.i.optimole.com\/cb:tkqR.3d908\/w:auto\/h:auto\/q:eco\/f:best\/https:\/\/ams.monster\/blogg\/wp-content\/uploads\/2021\/01\/justervesenet-vedrorende-definisjonen-av-ams-maler.jpg\" alt=\"Justervesenet - Definisjonen av en AMS-m\u00e5ler\" width=\"697\" height=\"327\" data-id=\"8463\" data-init-width=\"1040\" data-init-height=\"488\" data-width=\"697\" data-height=\"327\" data-link-wrap=\"true\" \/><noscript><img data-opt-id=1780754065  decoding=\"async\" title=\"justervesenet-vedr\u00f8rende-definisjonen-av-ams-m\u00e5ler\" src=\"https:\/\/mletj9hl6nds.i.optimole.com\/cb:tkqR.3d908\/w:auto\/h:auto\/q:mauto\/f:best\/https:\/\/ams.monster\/blogg\/wp-content\/uploads\/2021\/01\/justervesenet-vedrorende-definisjonen-av-ams-maler.jpg\" alt=\"Justervesenet - Definisjonen av en AMS-m\u00e5ler\" width=\"697\" height=\"327\" data-id=\"8463\" data-init-width=\"1040\" data-init-height=\"488\" data-width=\"697\" data-height=\"327\" data-link-wrap=\"true\" \/></noscript><\/p>\n<p>Les hva det lille nettselskapet Vokks Nett, n\u00e5 Etna Nett har gitt som svar i <a style=\"outline: none;\" href=\"https:\/\/ams.monster\/dok\/Vokks-Nett-Klage-pa-Vedtak-om-at-kunder-har-krav-pa-fritak-fra-installasjon-av-AMS-maler-ved-dokumentert-vesentlig-ulempe-sak-202012537-4-8-sider.PDF\" target=\"_blank\" rel=\"noopener\">klagesaken<\/a> til NVEs feilaktige begrepsbruk rundt AMS-m\u00e5ler. Vokks Nett har skj\u00f8nt det som Morten Schau i Elvia, alts\u00e5 Norges st\u00f8rste og mest inkomptente nettselskap ikke har skj\u00f8nt. \u00a0Der &laquo;kundebehandlerne&raquo; er tydeligvis mindre begavet mtp. svarene de gir til kundene sine.<\/p>\n<p><strong><em>\u00abAt RME fortsatt i sitt vedtak omtaler str\u00f8mm\u00e5lere uten kommunikasjon som AMS m\u00e5lere, er lite tillitsvekkende. Det stiller milliardprosjektet med AMS utbygging i et underlig lys\u00bb<\/em><\/strong>.<\/p>\n<blockquote><p><em>&laquo;Uvitenhet avler oftere selvtillit enn hva kunnskap gj\u00f8r,&raquo;<\/em> sa Charles Darwin innsiktsfullt for over hundre \u00e5r siden.<\/p><\/blockquote>\n<h4>Elvias tapte stengesaker<\/h4>\n<p>Morten Schau, kommunikasjonssjef i Elvia AS sier at det har v\u00e6rt et par lignende runder i rettsapparatet. Hvilke saker er det Schau snakker om?<\/p>\n<p><strong><em>\u2013 Da ikke mot oss, men mot andre nettselskaper. Der har de som har nektet \u00e5 installere slike AMS-m\u00e5lere ikke f\u00e5tt medhold. Jeg kan ikke se at det skal v\u00e6re noe annerledes i denne saken sammenlignet med tilsvarende tidligere saker. S\u00e5 jeg frykter absolutt ikke denne rettssaken, sier Schau til Halden Arbeiderblad.<\/em><\/strong><\/p>\n<p>Schau sier at det er mot andre nettselskaper. Er ikke Schau kjent med lover og regler gjelder for alle nettselskapene som har monopol p\u00e5 nettjenesten til kunden. Eller mener Schau at Elvia har f\u00e5tt et unntak i loven som de andre nettselskaper m\u00e5 f\u00f8lge?<\/p>\n<p>Er ikke Schau oppmerksom p\u00e5 de to sakene som tingretten har behandlet om str\u00f8mstenging?<\/p>\n<p id=\"tve-jump-17904f31e0e\"><a style=\"outline: currentcolor none medium;\" href=\"https:\/\/ams.monster\/blogg\/hedmarken-tingrett-har-behandlet-en-stengesak-elvia-ma-pakoble-strom-til-kunde\/\" target=\"_blank\" rel=\"noopener\">Sak 1<\/a>: Hedmarken tingrett kjennelse av 28. januar 2021. Tingretten p\u00e5la Elvia straks \u00e5 koble p\u00e5 str\u00f8mmen til kunden.<\/p>\n<p><a style=\"outline: none;\" href=\"https:\/\/ams.monster\/dok\/Nord-Osterdal-tingrett-kjennelse-20.11.2020-stenging-av-strom-ELVIA-avskjermet.pdf\" target=\"_blank\" rel=\"noopener\">Sak 2<\/a>: Nord-\u00d8sterdal tingrett kjennelse av 20.11.2020:\u00a0<em> &laquo;ELVIA NETT AS p\u00e5legges straks \u00e5 levere str\u00f8m til m\u00e5lerpunktet til eiendommen uten ekstra kostnader for saks\u00f8ker kunden&raquo;<\/em><em>.<\/em><\/p>\n<p>Hvorfor feilinformerer Schau hele tiden? Fordi: han er n\u00f8dt til det, han har ikke noe annet \u00e5 komme med som forsvar p\u00e5 monopolmisbruket til Elvia. Den eneste muligheten Schau har er \u00e5 bl\u00f8ffe media som ikke faktasjekker det Schau sier, men lar det bli spredd falske nyheter. Man har mistet tillitt dagens media, de har sluttet \u00e5 lage god unders\u00f8kende og journalistikk for sine lesere.<\/p>\n<p><a style=\"outline: none;\" href=\"https:\/\/ams.monster\/blogg\/dommer-fra-norske-domstoler\/\" target=\"_blank\" rel=\"noopener\">Lenke til andre str\u00f8mstenge saker som tingretten har behandlet<\/a>.<\/p>\n<blockquote><p><strong>LES OGS\u00c5<\/strong><a style=\"outline: none;\" href=\"https:\/\/ams.monster\/blogg\/hedmarken-tingrett-har-behandlet-en-stengesak-elvia-ma-pakoble-strom-til-kunde\/\" target=\"_blank\" rel=\"noopener\">Hedmarken tingrett har behandlet en stengesak \u2013 Elvia m\u00e5 p\u00e5koble str\u00f8m til kunde<\/a><\/p><\/blockquote>\n<p>Elvia bedriver med bevisst monopolmisbruk, de truer med \u00e5 stenge str\u00f8mmen til kunder som ikke vil installere AMS som kunden ikke pliktig \u00e5 i ta imot etter nettleieavtalen. Viser til tingretten i Kristiansand kjennelse av 17.9.2018,\u00a0<a style=\"outline: none;\" href=\"https:\/\/ams.monster\/dok\/Kristiansand-tingrett-17.09.2018-uthevet.pdf\" target=\"_blank\" rel=\"noopener\">sak 18-124406TVI-KISAl06<\/a>. Der forstod retten m.a.o. forskjellen p\u00e5 en str\u00f8mm\u00e5ler og en smartm\u00e5ler som nettselskapet ikke hadde skj\u00f8nt.<\/p>\n<p>Retten bemerker ogs\u00e5 f\u00f8lgende at det blir bed\u00f8mt som monopolmisbruk dersom str\u00f8rnsperring f\u00f8rer til urimelige virkninger for abonnenten.<\/p>\n<p><img data-opt-id=71664572  data-opt-src=\"https:\/\/mletj9hl6nds.i.optimole.com\/cb:tkqR.3d908\/w:auto\/h:auto\/q:mauto\/f:best\/https:\/\/ams.monster\/blogg\/wp-content\/uploads\/2020\/03\/ams-dom-tingretten-kristiansand.jpg\"  decoding=\"async\" title=\"ams-dom-tingretten-kristiansand\" src=\"https:\/\/mletj9hl6nds.i.optimole.com\/cb:tkqR.3d908\/w:auto\/h:auto\/q:eco\/f:best\/https:\/\/ams.monster\/blogg\/wp-content\/uploads\/2020\/03\/ams-dom-tingretten-kristiansand.jpg\" alt=\"AMS dom i tingretten kunden har ikke plikt til \u00e5 installere AMS\" width=\"697\" height=\"157\" data-id=\"3633\" data-init-width=\"1406\" data-init-height=\"316\" data-width=\"697\" data-height=\"157\" data-link-wrap=\"true\" \/><noscript><img data-opt-id=71664572  decoding=\"async\" title=\"ams-dom-tingretten-kristiansand\" src=\"https:\/\/mletj9hl6nds.i.optimole.com\/cb:tkqR.3d908\/w:auto\/h:auto\/q:mauto\/f:best\/https:\/\/ams.monster\/blogg\/wp-content\/uploads\/2020\/03\/ams-dom-tingretten-kristiansand.jpg\" alt=\"AMS dom i tingretten kunden har ikke plikt til \u00e5 installere AMS\" width=\"697\" height=\"157\" data-id=\"3633\" data-init-width=\"1406\" data-init-height=\"316\" data-width=\"697\" data-height=\"157\" data-link-wrap=\"true\" \/></noscript><\/p>\n<p>Morten Schau sier f\u00f8lgende: <em><strong>\u2013 Da m\u00e5 vi i ytterste konsekvens stenge str\u00f8mmen<\/strong>. <strong>For folk m\u00e5 ha m\u00e5ler. Og det har ogs\u00e5 skjedd at vi har m\u00e5tte stenge str\u00f8mmen. Vi har en kunde oppe i Innlandet som har v\u00e6rt uten str\u00f8m i snart halvannet \u00e5r, svarer han<\/strong><\/em><strong>.<\/strong><\/p>\n<p>Har Schau ikke f\u00e5tt med seg <a style=\"outline: none;\" href=\"#tve-jump-17904f31e0e\">stengesak 1 og 2<\/a>? Tingretten p\u00e5la Elvia \u00e5 koble p\u00e5 str\u00f8mmen til kunden. Elvia hadde ulovlig stengt str\u00f8mmen uten \u00e5 ha tvangsgrunnlag etter tvangsfullbyrdelsesloven. Morten Schau er en inkompetent kommunikasjonssjef.<\/p>\n<p>Nettselskapene har leveringsplikt etter <a style=\"outline: none;\" href=\"https:\/\/lovdata.no\/lov\/1990-06-29-50\/%C2%A73-3\" target=\"_blank\" rel=\"noopener nofollow ugc\">Energiloven \u00a7 3-3<\/a>\u00a0og kan ikke stenge str\u00f8mmen s\u00e5nn uten videre uten ha i tillegg en\u00a0<a style=\"outline: none;\" href=\"https:\/\/ams.monster\/blogg\/kan-nettselskapet-stenge-kundens-strom\/\" target=\"_blank\" rel=\"noopener\">rettslig kjennelse fra tingretten<\/a>.<\/p>\n<p>Les mer <a style=\"outline: none;\" href=\"https:\/\/ams.monster\/blogg\/nettselskapene-har-leveringsplikt-pa-strom-til-kunden\/\" target=\"_blank\" rel=\"noopener\">her<\/a> om hva leveringsplikten innbefatter for nettselskapene.<\/p>\n<h4>Frostating lagmannsrett kjennelse<\/h4>\n<p>Krav om midlertidig forf\u00f8yning fra nettselskapet. Selv med betalingsmislighold fra kunden kan ikke nettselselskapet frakoble kunden fra str\u00f8mnettet siden str\u00f8m til privat bruk kan karakteriseres som et prim\u00e6rbehov. <em><strong>Konklusjon fra lagmannsretten: stenging av str\u00f8m &#8211; er monopolmisbruk n\u00e5r det f\u00f8rer til urimelige virkninger for abonnenten<\/strong><\/em>. <a style=\"outline: none;\" href=\"https:\/\/ams.monster\/frostating\/frostating.htm\" target=\"_blank\" rel=\"noopener\">\u00a0Kjennelsen finner du p\u00e5 denne lenken<\/a>.<\/p>\n","protected":false},"excerpt":{"rendered":"<p>Kommunikasjonssjef Morten Schau i nettselskapet Elvia AS har ikke forst\u00e5tt hva en installasjon av AMS faktisk inneb\u00e6rer for sluttbrukeren. Morten Schau avsl\u00f8rer igjen sin inkompetanse i artikkelen til Halden Arbeiderblad 19\/4-21 (bak betalingsmur). Les PDF utgaven her helt uten betalingsmur. At Schau gir slike dumme svar til media hver gang er av direkte kunnskapsl\u00f8shet. Schau [&hellip;]<\/p>\n","protected":false},"author":5,"featured_media":0,"comment_status":"open","ping_status":"closed","sticky":false,"template":"","format":"standard","meta":{"_lmt_disableupdate":"yes","_lmt_disable":"no","footnotes":"","tve_updated_post":"<div class=\"thrv_wrapper thrv-columns\" style=\"--tcb-col-el-width:697;\"><div class=\"tcb-flex-row v-2 tcb--cols--2\"><div class=\"tcb-flex-col c-66\"><div class=\"tcb-col\"><div class=\"thrv_wrapper thrv_text_element tve_ea_thrive_lightbox\"><p data-end=\"688\" data-start=\"137\">Morten Schau, kommunikasjonssjef i nettselskapet Elvia AS, fremst\u00e5r som lite informert om hva installasjonen av <a href=\"javascript:void(0)\" data-tcb-events=\"__TCB_EVENT_[{&quot;a&quot;:&quot;thrive_lightbox&quot;,&quot;config&quot;:{&quot;l_id&quot;:16861,&quot;id&quot;:16861},&quot;t&quot;:&quot;click&quot;}]_TNEVE_BCT__\" class=\"tve_evt_manager_listen tve_et_click\" target=\"_blank\">AMS<\/a> faktisk inneb\u00e6rer for sluttbrukerne. I en artikkel publisert av Halden Arbeiderblad 19. april 2021 (bak betalingsmur), demonstrerer Schau nok en gang sin manglende innsikt. <a href=\"https:\/\/ams.monster\/media\/Halden-Arbeiderblad-Nekter-a-installere-strommalere-na-motes-de-i-retten-22.4.21.pdf\" target=\"_blank\">En PDF-versjon uten betalingsmur er tilgjengelig her<\/a>. Hans gjentatte villedende uttalelser til media tyder p\u00e5 alvorlig kunnskapssvikt. Det er s\u00e6rlig urovekkende at han ikke ser ut til \u00e5 ha oversikt over hvilke tjenester Elvia faktisk leverer til sine nettkunder.<\/p><p data-end=\"1155\" data-start=\"690\">I 2019 havnet Schau i en konflikt med en kunde etter at Elvia truet med \u00e5 kutte str\u00f8mforsyningen dersom det ikke ble levert en legeerkl\u00e6ring for fritak fra AMS, noe selskapet hevdet var et krav fra myndighetene. Denne praksisen har f\u00f8rt til at <a href=\"https:\/\/ams.monster\/blogg\/vil-datatilsynet-gi-nettselskapene-et-overtredelsesgebyr\/\" target=\"_blank\" class=\"\" style=\"outline: none;\">Elvia er blitt klaget inn til Datatilsynet<\/a>. Det p\u00e5pekes at Elvia ikke har rettslig grunnlag i lov til \u00e5 behandle sensitive personopplysninger som helseopplysninger. <a href=\"https:\/\/ams.monster\/blogg\/datatilsynet\/\" target=\"_blank\">Les mer om klagesaken hos Datatilsynet her<\/a>.<\/p><\/div><\/div><\/div><div class=\"tcb-flex-col c-33\" data-css=\"tve-u-179044684cb\" style=\"\"><div class=\"tcb-col\"><div class=\"thrv_wrapper tve_image_caption tve_ea_thrive_zoom\" data-css=\"tve-u-179044610d9\"><span class=\"tve_image_frame\"><img data-opt-id=1657951710  data-opt-src=\"https:\/\/mletj9hl6nds.i.optimole.com\/cb:tkqR.3d908\/w:auto\/h:auto\/q:mauto\/f:best\/https:\/\/ams.monster\/blogg\/wp-content\/uploads\/2021\/02\/elvia-morten-schau-stengemannen.jpg.webp\"  decoding=\"async\" class=\"tve_image wp-image-8598 tve_evt_manager_listen tve_et_click tcb-moved-image\" alt=\"Elivia sin stengemann Morten Schau\" data-id=\"8598\" data-init-width=\"700\" data-init-height=\"761\" title=\"elvia-morten-schau-stengemannen\" src=\"https:\/\/mletj9hl6nds.i.optimole.com\/cb:tkqR.3d908\/w:auto\/h:auto\/q:eco\/f:best\/https:\/\/ams.monster\/blogg\/wp-content\/uploads\/2021\/02\/elvia-morten-schau-stengemannen.jpg.webp\" data-width=\"222\" data-height=\"242\" data-link-wrap=\"true\" data-tcb-events=\"__TCB_EVENT_[{&quot;t&quot;:&quot;click&quot;,&quot;a&quot;:&quot;thrive_zoom&quot;,&quot;config&quot;:{&quot;id&quot;:&quot;8598&quot;,&quot;size&quot;:&quot;full&quot;}}]_TNEVE_BCT__\" style=\"aspect-ratio: auto 700 \/ 761;\" data-css=\"tve-u-17904489e74\" width=\"222\" height=\"242\" loading=\"lazy\"><noscript><img data-opt-id=1657951710  decoding=\"async\" class=\"tve_image wp-image-8598 tve_evt_manager_listen tve_et_click tcb-moved-image\" alt=\"Elivia sin stengemann Morten Schau\" data-id=\"8598\" data-init-width=\"700\" data-init-height=\"761\" title=\"elvia-morten-schau-stengemannen\" src=\"https:\/\/mletj9hl6nds.i.optimole.com\/cb:tkqR.3d908\/w:auto\/h:auto\/q:mauto\/f:best\/https:\/\/ams.monster\/blogg\/wp-content\/uploads\/2021\/02\/elvia-morten-schau-stengemannen.jpg.webp\" data-width=\"222\" data-height=\"242\" data-link-wrap=\"true\" data-tcb-events=\"__TCB_EVENT_[{&quot;t&quot;:&quot;click&quot;,&quot;a&quot;:&quot;thrive_zoom&quot;,&quot;config&quot;:{&quot;id&quot;:&quot;8598&quot;,&quot;size&quot;:&quot;full&quot;}}]_TNEVE_BCT__\" style=\"aspect-ratio: auto 700 \/ 761;\" data-css=\"tve-u-17904489e74\" width=\"222\" height=\"242\" loading=\"lazy\"></noscript><\/span><\/div><div class=\"thrv_wrapper tve_image_caption\" data-css=\"tve-u-17904490af8\" style=\"\"><span class=\"tve_image_frame\"><img data-opt-id=1640055874  data-opt-src=\"https:\/\/mletj9hl6nds.i.optimole.com\/cb:tkqR.3d908\/w:auto\/h:auto\/q:mauto\/f:best\/https:\/\/ams.monster\/blogg\/wp-content\/uploads\/2021\/02\/elvia-logo-1.png\"  decoding=\"async\" class=\"tve_image wp-image-8600 tcb-moved-image\" alt=\"\" data-id=\"8600\" data-init-width=\"337\" data-init-height=\"149\" title=\"elvia-logo-1\" src=\"https:\/\/mletj9hl6nds.i.optimole.com\/cb:tkqR.3d908\/w:auto\/h:auto\/q:eco\/f:best\/https:\/\/ams.monster\/blogg\/wp-content\/uploads\/2021\/02\/elvia-logo-1.png\" data-width=\"222\" data-height=\"98\" data-link-wrap=\"true\" style=\"aspect-ratio: auto 337 \/ 149;\" data-css=\"tve-u-179044919b6\" width=\"222\" height=\"98\" loading=\"lazy\"><noscript><img data-opt-id=1640055874  decoding=\"async\" class=\"tve_image wp-image-8600 tcb-moved-image\" alt=\"\" data-id=\"8600\" data-init-width=\"337\" data-init-height=\"149\" title=\"elvia-logo-1\" src=\"https:\/\/mletj9hl6nds.i.optimole.com\/cb:tkqR.3d908\/w:auto\/h:auto\/q:mauto\/f:best\/https:\/\/ams.monster\/blogg\/wp-content\/uploads\/2021\/02\/elvia-logo-1.png\" data-width=\"222\" data-height=\"98\" data-link-wrap=\"true\" style=\"aspect-ratio: auto 337 \/ 149;\" data-css=\"tve-u-179044919b6\" width=\"222\" height=\"98\" loading=\"lazy\"></noscript><\/span><\/div><\/div><\/div><\/div><\/div><div class=\"thrv_wrapper thrv_text_element\" data-css=\"tve-u-1790446c711\"><p data-end=\"633\" data-start=\"159\">I artikkelen i Halden Arbeiderblad hevder Morten Schau at Elvia ikke ser det som n\u00f8dvendig \u00e5 f\u00f8lge gjeldende lovverk, og at selskapet ikke unders\u00f8ker lovligheten i sin praksis \u2013 selv n\u00e5r kunder p\u00e5peker mulige brudd. Dette vitner om en bekymringsfull holdning til rettssikkerhet og kundedialog. If\u00f8lge Schau er Elvia heller ikke interessert i \u00e5 ha en reell dialog med kundene. Inntrykket som formidles, er at selskapet prioriterer \u00e5 \"ha rett\" fremfor \u00e5 gj\u00f8re det som er rett.<\/p><p data-end=\"908\" data-start=\"635\">Flere kunder har beskrevet Elvias opptreden som arrogant, og enkelte g\u00e5r s\u00e5 langt som \u00e5 karakterisere selskapets fremferd som et eksempel p\u00e5 maktmisbruk innenfor et monopol. Slik praksis reiser alvorlige sp\u00f8rsm\u00e5l om Elvias samfunnsansvar og respekt for kunders rettigheter.<\/p><p data-end=\"1322\" data-start=\"910\">Artikkelen omhandler en sak behandlet i S\u00f8ndre \u00d8stfold tingrett (Halden tinghus) den 19.\u201320. mai 2021. Retten skulle ta stilling til hvorvidt en kundes innsigelse mot installasjon av AMS-m\u00e5ler var \u00ab\u00e5penbart urimelig\u00bb. Dette markerer den f\u00f8rste rettssaken i Norge hvor de p\u00e5st\u00e5tte helseeffektene av AMS-m\u00e5lere har blitt behandlet i en domstol. <a href=\"https:\/\/einarflydal.com\/2021\/04\/08\/ams-da-er-innspurten-mot-halden-saken-i-gang\/\" target=\"_blank\">For mer bakgrunnsinformasjon, se omtalen p\u00e5 bloggen til Einar Flydal<\/a>.<\/p><\/div><div class=\"thrv_wrapper thrv-divider\" data-style-d=\"tve_sep-3\" data-thickness-d=\"3\" data-color-d=\"rgb(66, 66, 66)\" data-css=\"tve-u-1838b679660\">\n\t<hr class=\"tve_sep tve_sep-3\" style=\"\">\n<\/div><div class=\"thrv_wrapper thrv_text_element\" data-css=\"tve-u-1838b672df2\" style=\"\"><blockquote class=\"\">AMS-dom i Kristiansand Tingrett <br><a href=\"https:\/\/ams.monster\/blogg\/ams-dom-i-kristiansand-tingrett\/\" target=\"_blank\" class=\"\" style=\"outline: none;\">Retten kan ikke se av nettleieavtalen at det er tatt inn et avtalevilk\u00e5r som eksplisitt gjelder kundens plikt til \u00e5 bytte til AMS-m\u00e5ler<\/a><\/blockquote><\/div><div class=\"thrv_wrapper thrv-divider\" data-style-d=\"tve_sep-3\" data-thickness-d=\"3\" data-color-d=\"rgb(66, 66, 66)\" data-css=\"tve-u-1838b679660\">\n\t<hr class=\"tve_sep tve_sep-3\" style=\"\">\n<\/div><div class=\"thrv_wrapper thrv-styled_list tcb-icon-display\" data-icon-code=\"icon-comment-outlined\" style=\"\" data-css=\"tve-u-180d8a602b4\"><ul class=\"tcb-styled-list\"><li class=\"thrv-styled-list-item\" data-css=\"tve-u-180d89d86c3\" style=\"\"><div class=\"tcb-styled-list-icon\"><div class=\"thrv_wrapper thrv_icon tve_no_drag tcb-no-delete tcb-no-clone tcb-no-save tcb-icon-inherit-style\" data-css=\"tve-u-180d8b35fa5\"><svg class=\"tcb-icon\" viewBox=\"0 0 512 512\" data-id=\"icon-comment-outlined\" data-name=\"\"><path d=\"M256 32C114.6 32 0 125.1 0 240c0 47.6 19.9 91.2 52.9 126.3C38 405.7 7 439.1 6.5 439.5c-6.6 7-8.4 17.2-4.6 26S14.4 480 24 480c61.5 0 110-25.7 139.1-46.3C192 442.8 223.2 448 256 448c141.4 0 256-93.1 256-208S397.4 32 256 32zm0 368c-26.7 0-53.1-4.1-78.4-12.1l-22.7-7.2-19.5 13.8c-14.3 10.1-33.9 21.4-57.5 29 7.3-12.1 14.4-25.7 19.9-40.2l10.6-28.1-20.6-21.8C69.7 314.1 48 282.2 48 240c0-88.2 93.3-160 208-160s208 71.8 208 160-93.3 160-208 160z\"><\/path><\/svg><\/div><\/div><span class=\"thrv-advanced-inline-text tve_editable tcb-styled-list-icon-text tcb-no-delete tcb-no-save\" data-css=\"tve-u-180d8728933\" style=\"\">Domsavgj\u00f8relsen av 7.6.2021 - 24 sider finner du <a href=\"https:\/\/ams.monster\/dom\/7.6.2021-Halden-tingrett-dom-i-sivil-sak-20-187442TVI-TSOSTHAL-sak-20-143133TVI-TSOSTHAL.pdf\" target=\"_blank\" class=\"\" style=\"outline: none;\">her<\/a>. Rettens vurdering: Elvia AS frifinnes.<\/span><\/li><li class=\"thrv-styled-list-item\" data-css=\"tve-u-180d89d86c3\" style=\"\"><div class=\"tcb-styled-list-icon\"><div class=\"thrv_wrapper thrv_icon tve_no_drag tcb-no-delete tcb-no-clone tcb-no-save tcb-icon-inherit-style\" data-css=\"tve-u-180d8b35fa5\"><svg class=\"tcb-icon\" viewBox=\"0 0 512 512\" data-id=\"icon-comment-outlined\" data-name=\"\"><path d=\"M256 32C114.6 32 0 125.1 0 240c0 47.6 19.9 91.2 52.9 126.3C38 405.7 7 439.1 6.5 439.5c-6.6 7-8.4 17.2-4.6 26S14.4 480 24 480c61.5 0 110-25.7 139.1-46.3C192 442.8 223.2 448 256 448c141.4 0 256-93.1 256-208S397.4 32 256 32zm0 368c-26.7 0-53.1-4.1-78.4-12.1l-22.7-7.2-19.5 13.8c-14.3 10.1-33.9 21.4-57.5 29 7.3-12.1 14.4-25.7 19.9-40.2l10.6-28.1-20.6-21.8C69.7 314.1 48 282.2 48 240c0-88.2 93.3-160 208-160s208 71.8 208 160-93.3 160-208 160z\"><\/path><\/svg><\/div><\/div><span class=\"thrv-advanced-inline-text tve_editable tcb-styled-list-icon-text tcb-no-delete tcb-no-save\" data-css=\"tve-u-180d8728933\" style=\"\">Saks\u00f8kernes (kundene) p\u00e5stander om negative helsevirkninger fra kommunikasjonsenheten (AMS-m\u00e5ler) er i dommen funnet \u00e5penbart grunnl\u00f8se. Bevisene til saks\u00f8kerne ble ikke tatt hensyn til. Saks\u00f8kerne er d\u00f8mt til \u00e5 b\u00e6re det meste av nettselskapet Elvias sakskostnader.<\/span><\/li><li class=\"thrv-styled-list-item\" data-css=\"tve-u-180d89d86c3\" style=\"\"><div class=\"tcb-styled-list-icon\"><div class=\"thrv_wrapper thrv_icon tve_no_drag tcb-no-delete tcb-no-clone tcb-no-save tcb-icon-inherit-style\" data-css=\"tve-u-180d8b35fa5\"><svg class=\"tcb-icon\" viewBox=\"0 0 512 512\" data-id=\"icon-comment-outlined\" data-name=\"\"><path d=\"M256 32C114.6 32 0 125.1 0 240c0 47.6 19.9 91.2 52.9 126.3C38 405.7 7 439.1 6.5 439.5c-6.6 7-8.4 17.2-4.6 26S14.4 480 24 480c61.5 0 110-25.7 139.1-46.3C192 442.8 223.2 448 256 448c141.4 0 256-93.1 256-208S397.4 32 256 32zm0 368c-26.7 0-53.1-4.1-78.4-12.1l-22.7-7.2-19.5 13.8c-14.3 10.1-33.9 21.4-57.5 29 7.3-12.1 14.4-25.7 19.9-40.2l10.6-28.1-20.6-21.8C69.7 314.1 48 282.2 48 240c0-88.2 93.3-160 208-160s208 71.8 208 160-93.3 160-208 160z\"><\/path><\/svg><\/div><\/div><span class=\"thrv-advanced-inline-text tve_editable tcb-styled-list-icon-text tcb-no-delete tcb-no-save\" data-css=\"tve-u-180d8728933\" style=\"\">Dommen er anket. Skal opp i Borgarting lagmannsrett september 2022.<\/span><\/li><li class=\"thrv-styled-list-item\" data-css=\"tve-u-180d89d86c3\" style=\"\"><div class=\"tcb-styled-list-icon\"><div class=\"thrv_wrapper thrv_icon tve_no_drag tcb-no-delete tcb-no-clone tcb-no-save tcb-icon-inherit-style\" data-css=\"tve-u-180d8b35fa5\"><svg class=\"tcb-icon\" viewBox=\"0 0 512 512\" data-id=\"icon-comment-outlined\" data-name=\"\"><path d=\"M256 32C114.6 32 0 125.1 0 240c0 47.6 19.9 91.2 52.9 126.3C38 405.7 7 439.1 6.5 439.5c-6.6 7-8.4 17.2-4.6 26S14.4 480 24 480c61.5 0 110-25.7 139.1-46.3C192 442.8 223.2 448 256 448c141.4 0 256-93.1 256-208S397.4 32 256 32zm0 368c-26.7 0-53.1-4.1-78.4-12.1l-22.7-7.2-19.5 13.8c-14.3 10.1-33.9 21.4-57.5 29 7.3-12.1 14.4-25.7 19.9-40.2l10.6-28.1-20.6-21.8C69.7 314.1 48 282.2 48 240c0-88.2 93.3-160 208-160s208 71.8 208 160-93.3 160-208 160z\"><\/path><\/svg><\/div><\/div><span class=\"thrv-advanced-inline-text tve_editable tcb-styled-list-icon-text tcb-no-delete tcb-no-save\" data-css=\"tve-u-180d8728933\" style=\"\">Mots\u00f8ksm\u00e5let: Elvia fikk ikke noen fullbyrdelsesdom \u2013 alts\u00e5 rett til \u00e5 tvinge seg inn for \u00e5 skifte ut m\u00e5leren.&nbsp;<a href=\"https:\/\/ams.monster\/dom\/7.6.2021-Halden-tingrett-dom-i-sivil-sak-20-187442TVI-TSOSTHAL-sak-20-143133TVI-TSOSTHAL-utdrag-side-21-22.pdf\" target=\"_blank\" class=\"\" style=\"outline: none;\">Utdrag av dommen side 21-22 punkt 4 side 21-22<\/a>.<\/span><\/li><li class=\"thrv-styled-list-item\" data-css=\"tve-u-180d89d86c3\" style=\"\"><div class=\"tcb-styled-list-icon\"><div class=\"thrv_wrapper thrv_icon tve_no_drag tcb-no-delete tcb-no-clone tcb-no-save tcb-icon-inherit-style\" data-css=\"tve-u-180d8b35fa5\"><svg class=\"tcb-icon\" viewBox=\"0 0 512 512\" data-id=\"icon-comment-outlined\" data-name=\"\"><path d=\"M256 32C114.6 32 0 125.1 0 240c0 47.6 19.9 91.2 52.9 126.3C38 405.7 7 439.1 6.5 439.5c-6.6 7-8.4 17.2-4.6 26S14.4 480 24 480c61.5 0 110-25.7 139.1-46.3C192 442.8 223.2 448 256 448c141.4 0 256-93.1 256-208S397.4 32 256 32zm0 368c-26.7 0-53.1-4.1-78.4-12.1l-22.7-7.2-19.5 13.8c-14.3 10.1-33.9 21.4-57.5 29 7.3-12.1 14.4-25.7 19.9-40.2l10.6-28.1-20.6-21.8C69.7 314.1 48 282.2 48 240c0-88.2 93.3-160 208-160s208 71.8 208 160-93.3 160-208 160z\"><\/path><\/svg><\/div><\/div><span class=\"thrv-advanced-inline-text tve_editable tcb-styled-list-icon-text tcb-no-delete tcb-no-save\" data-css=\"tve-u-180d8728933\" style=\"\"><a href=\"https:\/\/einarflydal.com\/2021\/06\/10\/halden-dommen-om-ams-malerne-slik-advokaten-ser-den\/\" target=\"_blank\" class=\"\" style=\"outline: none;\">Slik advokat Matre ser p\u00e5 dommen av 7. juni 2021<\/a>.<\/span><\/li><\/ul><\/div><div class=\"thrv_wrapper thrv_text_element\" data-css=\"tve-u-1790446c711\"><p><br><\/p><blockquote class=\"\"><strong>LES OGS\u00c5<\/strong><br><a href=\"https:\/\/ams.monster\/blogg\/lagmannsretten-palegger-glitre-energi-nett-og-lyse-elnett-straks-a-koble-pa-strommen\/\" target=\"_blank\" class=\"\" style=\"outline: none;\">Lagmannsretten p\u00e5legger Glitre Energi Nett og Lyse Elnett straks \u00e5 koble p\u00e5 str\u00f8mmen<\/a><\/blockquote><\/div><div class=\"thrv_wrapper thrv-columns\" style=\"--tcb-col-el-width:697;\" data-css=\"tve-u-1790562559e\"><div class=\"tcb-flex-row v-2 tcb--cols--2\"><div class=\"tcb-flex-col c-33\" data-css=\"tve-u-1790570bc03\" style=\"\"><div class=\"tcb-col\"><div class=\"thrv_wrapper tve_image_caption img_style_lifted_style1 tve_ea_thrive_zoom\" data-css=\"tve-u-179057108bb\"><span class=\"tve_image_frame\"><img data-opt-id=1095919942  data-opt-src=\"https:\/\/mletj9hl6nds.i.optimole.com\/cb:tkqR.3d908\/w:auto\/h:auto\/q:mauto\/f:best\/https:\/\/ams.monster\/blogg\/wp-content\/uploads\/2021\/04\/HA-Nekter-a-installere-strommalere-–-na-motes-de-i-retten-mot-Elvia-1-e1619307674583.jpg.webp\"  decoding=\"async\" class=\"tve_image tcb-moved-image wp-image-10759 tve_evt_manager_listen tve_et_click\" alt=\"\" data-id=\"10759\" data-init-width=\"800\" data-init-height=\"830\" title=\"HA - Nekter \u00e5 installere str\u00f8mm\u00e5lere \u2013 n\u00e5 m\u00f8tes de i retten mot Elvia\" src=\"https:\/\/mletj9hl6nds.i.optimole.com\/cb:tkqR.3d908\/w:auto\/h:auto\/q:eco\/f:best\/https:\/\/ams.monster\/blogg\/wp-content\/uploads\/2021\/04\/HA-Nekter-a-installere-strommalere-–-na-motes-de-i-retten-mot-Elvia-1-e1619307674583.jpg.webp\" data-width=\"222\" data-height=\"231\" data-link-wrap=\"true\" style=\"aspect-ratio: auto 800 \/ 830;\" data-css=\"tve-u-179063e216e\" data-tcb-events=\"__TCB_EVENT_[{&quot;t&quot;:&quot;click&quot;,&quot;a&quot;:&quot;thrive_zoom&quot;,&quot;config&quot;:{&quot;id&quot;:&quot;10759&quot;,&quot;size&quot;:&quot;full&quot;}}]_TNEVE_BCT__\" width=\"222\" height=\"231\" loading=\"lazy\"><noscript><img data-opt-id=1095919942  decoding=\"async\" class=\"tve_image tcb-moved-image wp-image-10759 tve_evt_manager_listen tve_et_click\" alt=\"\" data-id=\"10759\" data-init-width=\"800\" data-init-height=\"830\" title=\"HA - Nekter \u00e5 installere str\u00f8mm\u00e5lere \u2013 n\u00e5 m\u00f8tes de i retten mot Elvia\" src=\"https:\/\/mletj9hl6nds.i.optimole.com\/cb:tkqR.3d908\/w:auto\/h:auto\/q:mauto\/f:best\/https:\/\/ams.monster\/blogg\/wp-content\/uploads\/2021\/04\/HA-Nekter-a-installere-strommalere-–-na-motes-de-i-retten-mot-Elvia-1-e1619307674583.jpg.webp\" data-width=\"222\" data-height=\"231\" data-link-wrap=\"true\" style=\"aspect-ratio: auto 800 \/ 830;\" data-css=\"tve-u-179063e216e\" data-tcb-events=\"__TCB_EVENT_[{&quot;t&quot;:&quot;click&quot;,&quot;a&quot;:&quot;thrive_zoom&quot;,&quot;config&quot;:{&quot;id&quot;:&quot;10759&quot;,&quot;size&quot;:&quot;full&quot;}}]_TNEVE_BCT__\" width=\"222\" height=\"231\" loading=\"lazy\"></noscript><\/span><\/div><\/div><\/div><div class=\"tcb-flex-col c-66\"><div class=\"tcb-col\"><div class=\"thrv_wrapper thrv_text_element\" style=\"\" data-css=\"tve-u-1790561f9a6\">\t<p><strong>\"<em>\u2013 Nekter \u00e5 installere str\u00f8mm\u00e5lere \u2013 n\u00e5 m\u00f8tes de i retten. \u00c5tte haldensere og aremarkinger nekter \u00e5 installere de nye AMS-m\u00e5lerne og risikerer derfor \u00e5 miste str\u00f8mmen. Snart m\u00f8ter de str\u00f8mselskapet Elvia AS i retten\"<\/em><\/strong><\/p><\/div><\/div><\/div><\/div><\/div><div class=\"thrv_wrapper thrv_text_element tve_ea_thrive_lightbox\" data-css=\"tve-u-179082772d7\" style=\"\"><p data-end=\"674\" data-start=\"154\">I artikkelen innleder Morten Schau med uttalelsen: <strong>\u00abMan m\u00e5 ha str\u00f8mm\u00e5ler.\u00bb<\/strong> Men n\u00e5r Schau sier \"str\u00f8mm\u00e5ler\", sikter han i realiteten til det som kalles en smartm\u00e5ler, n\u00e6rmere bestemt AMS \u2013 Avanserte m\u00e5le- og styringssystemer. Her oppst\u00e5r en viktig begrepsforvirring. Kommunikasjonsenheten i en AMS-m\u00e5ler, som muliggj\u00f8r ekstern dataoverf\u00f8ring, er ikke en obligatorisk del av m\u00e5leutstyret i henhold til <a href=\"https:\/\/ams.monster\/blogg\/ams-dom-i-kristiansand-tingrett\/\" target=\"_blank\">nettleieavtalen<\/a>. Kunden er alts\u00e5 ikke rettslig forpliktet til \u00e5 installere hele AMS-enheten, slik Elvia gir inntrykk av.<\/p><p data-end=\"942\" data-start=\"676\">Schau omtaler AMS-m\u00e5leren som et m\u00e5leinstrument, men dette er un\u00f8yaktig. AMS er ikke et enkelt apparat \u2013 det er et system for b\u00e5de m\u00e5ling og fjernstyring. Det er da relevant \u00e5 sp\u00f8rre: Hva er det egentlig <a href=\"javascript:void(0)\" data-tcb-events=\"__TCB_EVENT_[{&quot;a&quot;:&quot;thrive_lightbox&quot;,&quot;config&quot;:{&quot;l_id&quot;:6735,&quot;id&quot;:6735},&quot;t&quot;:&quot;click&quot;}]_TNEVE_BCT__\" class=\"tve_evt_manager_listen tve_et_click\" target=\"_blank\">AMS-instrumentet<\/a> skal m\u00e5le som en tradisjonell m\u00e5ler ikke kan?<\/p><p data-end=\"1458\" data-start=\"944\">Videre viser Schau manglende forst\u00e5else for det juridiske rammeverket som regulerer dette. <a href=\"https:\/\/lovdata.no\/forskrift\/1999-03-11-301\/%C2%A74-1\" target=\"_blank\" class=\"\" style=\"outline: none;\">Avregningsforskriften \u00a7 4-1<\/a> stiller krav til installasjon av AMS, men uten \u00e5 nevne noen plikt til \u00e5 bytte ut selve m\u00e5leren hos sluttbrukeren. Elvias kommunikasjon antyder at dette er et ufravikelig myndighetskrav, men det stemmer ikke med forskriftens ordlyd. Det finnes heller ingen instruks fra NVE-RME som direkte p\u00e5legger nettselskapene \u00e5 gjennomf\u00f8re et generelt m\u00e5lerbytte hos kundene.<\/p><p>kundenes m\u00e5lere.<\/p><\/div><div class=\"thrv_wrapper tve_image_caption tve_ea_thrive_zoom img_style_framed\" data-css=\"tve-u-17e2fd91d6e\"><span class=\"tve_image_frame\"><img data-opt-id=1731945030  data-opt-src=\"https:\/\/mletj9hl6nds.i.optimole.com\/cb:tkqR.3d908\/w:auto\/h:auto\/q:mauto\/f:best\/https:\/\/ams.monster\/blogg\/wp-content\/uploads\/2020\/10\/nve-svar-med-ingen-plikt-til-a-bytte-ut-maleren.jpg.webp\"  decoding=\"async\" class=\"tve_image wp-image-6196 tve_evt_manager_listen tve_et_click\" alt=\"NVE ingen plikt \u00e5 bytte ut m\u00e5leren\" data-id=\"6196\" width=\"679\" data-init-width=\"1009\" height=\"232\" data-init-height=\"345\" title=\"nve-svar-med-ingen-plikt-til-a-bytte-ut-maleren\" src=\"https:\/\/mletj9hl6nds.i.optimole.com\/cb:tkqR.3d908\/w:auto\/h:auto\/q:eco\/f:best\/https:\/\/ams.monster\/blogg\/wp-content\/uploads\/2020\/10\/nve-svar-med-ingen-plikt-til-a-bytte-ut-maleren.jpg.webp\" data-width=\"679\" data-height=\"232\" data-link-wrap=\"true\" data-tcb-events=\"__TCB_EVENT_[{&quot;t&quot;:&quot;click&quot;,&quot;a&quot;:&quot;thrive_zoom&quot;,&quot;config&quot;:{&quot;id&quot;:&quot;6196&quot;,&quot;size&quot;:&quot;full&quot;}}]_TNEVE_BCT__\" loading=\"lazy\" style=\"aspect-ratio: auto 1009 \/ 345;\"><noscript><img data-opt-id=1731945030  decoding=\"async\" class=\"tve_image wp-image-6196 tve_evt_manager_listen tve_et_click\" alt=\"NVE ingen plikt \u00e5 bytte ut m\u00e5leren\" data-id=\"6196\" width=\"679\" data-init-width=\"1009\" height=\"232\" data-init-height=\"345\" title=\"nve-svar-med-ingen-plikt-til-a-bytte-ut-maleren\" src=\"https:\/\/mletj9hl6nds.i.optimole.com\/cb:tkqR.3d908\/w:auto\/h:auto\/q:mauto\/f:best\/https:\/\/ams.monster\/blogg\/wp-content\/uploads\/2020\/10\/nve-svar-med-ingen-plikt-til-a-bytte-ut-maleren.jpg.webp\" data-width=\"679\" data-height=\"232\" data-link-wrap=\"true\" data-tcb-events=\"__TCB_EVENT_[{&quot;t&quot;:&quot;click&quot;,&quot;a&quot;:&quot;thrive_zoom&quot;,&quot;config&quot;:{&quot;id&quot;:&quot;6196&quot;,&quot;size&quot;:&quot;full&quot;}}]_TNEVE_BCT__\" loading=\"lazy\" style=\"aspect-ratio: auto 1009 \/ 345;\"></noscript><\/span><\/div><div class=\"thrv_wrapper thrv_text_element tve_ea_thrive_lightbox\">\t<p data-end=\"566\" data-start=\"157\">If\u00f8lge avregningsforskriften \u00a7 4-1 er nettselskapene p\u00e5lagt \u00e5 installere <a href=\"javascript:void(0)\" data-tcb-events=\"__TCB_EVENT_[{&quot;a&quot;:&quot;thrive_lightbox&quot;,&quot;config&quot;:{&quot;l_id&quot;:6735,&quot;id&quot;:6735},&quot;t&quot;:&quot;click&quot;}]_TNEVE_BCT__\" class=\"tve_evt_manager_listen tve_et_click\" target=\"_blank\">\u00abavanserte m\u00e5le- og styringssystemer\u00bb (AMS)<\/a> p\u00e5 alle m\u00e5lepunkter. Men forskriften gir ingen n\u00e6rmere spesifikasjon av hva dette faktisk inneb\u00e6rer \u2013 den angir verken konkret innhold eller teknisk avgrensning. Med en s\u00e5 uklar formulering blir det opp til nettselskapene \u00e5 tolke hva som dekkes av kravet, noe som \u00e5pner for vilk\u00e5rlig praksis.<\/p><p data-end=\"1117\" data-start=\"568\">Dette reiser flere sp\u00f8rsm\u00e5l. Hva menes egentlig med et \"avansert m\u00e5le- og styringssystem\"? Hvor g\u00e5r grensen mellom p\u00e5krevd m\u00e5leteknologi og frivillige tilleggskomponenter, som kommunikasjonsmodulen for fjernavlesning? N\u00e5r det tekniske innholdet i AMS-systemet inkluderer b\u00e5de m\u00e5ling, toveis kommunikasjon og potensielt fjernstyring, er det rimelig \u00e5 sp\u00f8rre hvorfor ikke \u00a7 4-1b \u2013 unntaksregelen \u2013 automatisk vurderes i alle tilfeller. Spesielt ettersom denne paragrafen \u00e5pner for fritak ved dokumenterte helsemessige eller andre tungtveiende grunner.<\/p><p data-end=\"1325\" data-start=\"1119\">Slik det st\u00e5r n\u00e5, fremst\u00e5r \u00a7 4-1 mer som en rammelov enn et klart p\u00e5bud. Og i praksis ser det ut til at denne uklarheten tolkes i fav\u00f8r av nettselskapenes interesser, snarere enn sluttbrukernes rettigheter.<\/p><\/div><div class=\"thrv_wrapper tve_image_caption tve_ea_thrive_zoom\" data-css=\"tve-u-179041d76a1\"><span class=\"tve_image_frame\"><img data-opt-id=1081557742  data-opt-src=\"https:\/\/mletj9hl6nds.i.optimole.com\/cb:tkqR.3d908\/w:auto\/h:auto\/q:mauto\/f:best\/https:\/\/ams.monster\/blogg\/wp-content\/uploads\/2019\/05\/4-1.Plikt-til-a-installere-AMS-med-to-unntak.jpg.webp\"  decoding=\"async\" class=\"tve_image wp-image-3703 tve_evt_manager_listen tve_et_click\" alt=\"\u00a7 4-1.Plikt til \u00e5 installere AMS\" data-id=\"3703\" data-init-width=\"710\" data-init-height=\"296\" title=\"4-1.Plikt-til-a-installere-AMS-med-to-unntak\" src=\"https:\/\/mletj9hl6nds.i.optimole.com\/cb:tkqR.3d908\/w:auto\/h:auto\/q:eco\/f:best\/https:\/\/ams.monster\/blogg\/wp-content\/uploads\/2019\/05\/4-1.Plikt-til-a-installere-AMS-med-to-unntak.jpg.webp\" data-width=\"697\" data-height=\"291\" data-link-wrap=\"true\" width=\"697\" height=\"291\" data-tcb-events=\"__TCB_EVENT_[{&quot;t&quot;:&quot;click&quot;,&quot;a&quot;:&quot;thrive_zoom&quot;,&quot;config&quot;:{&quot;id&quot;:&quot;3703&quot;,&quot;size&quot;:&quot;full&quot;}}]_TNEVE_BCT__\" loading=\"lazy\" style=\"aspect-ratio: auto 710 \/ 296;\"><noscript><img data-opt-id=1081557742  decoding=\"async\" class=\"tve_image wp-image-3703 tve_evt_manager_listen tve_et_click\" alt=\"\u00a7 4-1.Plikt til \u00e5 installere AMS\" data-id=\"3703\" data-init-width=\"710\" data-init-height=\"296\" title=\"4-1.Plikt-til-a-installere-AMS-med-to-unntak\" src=\"https:\/\/mletj9hl6nds.i.optimole.com\/cb:tkqR.3d908\/w:auto\/h:auto\/q:mauto\/f:best\/https:\/\/ams.monster\/blogg\/wp-content\/uploads\/2019\/05\/4-1.Plikt-til-a-installere-AMS-med-to-unntak.jpg.webp\" data-width=\"697\" data-height=\"291\" data-link-wrap=\"true\" width=\"697\" height=\"291\" data-tcb-events=\"__TCB_EVENT_[{&quot;t&quot;:&quot;click&quot;,&quot;a&quot;:&quot;thrive_zoom&quot;,&quot;config&quot;:{&quot;id&quot;:&quot;3703&quot;,&quot;size&quot;:&quot;full&quot;}}]_TNEVE_BCT__\" loading=\"lazy\" style=\"aspect-ratio: auto 710 \/ 296;\"></noscript><\/span><\/div><div class=\"thrv_wrapper thrv_text_element\"><p data-end=\"599\" data-start=\"157\">Morten Schau hevder at <a href=\"https:\/\/ams.monster\/bilder\/smartmeter.htm\" target=\"_blank\">kommunikasjonskortet i en smartm\u00e5ler<\/a> er \u00e5 regne som m\u00e5leutstyr. Det reiser flere prinsipielle sp\u00f8rsm\u00e5l. Standard nettleieavtale ble sist oppdatert i 2007 \u2013 f\u00f8r smartm\u00e5lerteknologi var utbredt i norske hjem. Avtalen omtaler derfor ikke spesifikt komponenter som kommunikasjonsmodulen i AMS-m\u00e5lere. Likevel viser Elvia til denne avtalen som grunnlag for installasjon av hele AMS-systemet \u2013 inkludert kommunikasjonskortet.<\/p><p data-end=\"995\" data-start=\"601\">En smartm\u00e5ler best\u00e5r av to distinkte deler: en m\u00e5leenhet og en kommunikasjonsenhet. Det er avgj\u00f8rende \u00e5 forst\u00e5 at det siste ikke per definisjon er m\u00e5leutstyr. Kommunikasjonskortet \u2013 som i praksis fungerer som et tr\u00e5dl\u00f8st nettverkskort \u2013 endrer ikke funksjon ved \u00e5 integreres i en m\u00e5ler. \u00c5 p\u00e5st\u00e5 noe annet er like misvisende som \u00e5 si at en leppestift kan gj\u00f8re en gris til noe annet enn en gris.<\/p><p data-end=\"1384\" data-start=\"997\">Faktureringsforskriften \u00a7 4-1 p\u00e5legger nettselskapene \u00e5 installere AMS ved alle m\u00e5lepunkter, men spesifiserer ikke hva slags type kommunikasjonsutstyr dette skal inneb\u00e6re. NVE-RME har heller ikke gitt f\u00f8ringer for valg av teknologi. Likevel brukes \u00a7 4-1 som argument for \u00e5 montere komplette smartm\u00e5lere, uten at det foreligger krav om installasjon av tr\u00e5dl\u00f8s kommunikasjon hos forbruker.<\/p><p data-end=\"1793\" data-start=\"1386\">Et avgj\u00f8rende sp\u00f8rsm\u00e5l gjelder Justervesenets rolle: Har kommunikasjonskortet blitt godkjent som m\u00e5leutstyr? Dersom det ikke er godkjent, kan det heller ikke klassifiseres som en del av det lovp\u00e5lagte m\u00e5lesystemet. Da er det ulovlig \u00e5 montere det hjemme hos kundene under dekke av \u00e5 oppfylle forskriftskrav. Elvias p\u00e5stand om at dette er m\u00e5leutstyr savner dermed b\u00e5de teknologisk og regulatorisk forankring.<\/p><p data-end=\"2125\" data-start=\"1795\"><a href=\"https:\/\/einarflydal.com\/2021\/04\/22\/felo-vant-i-miljoklagenemnda-aidon-og-kamstrup-ma-levere-ut-malinger\/\" target=\"_blank\">Milj\u00f8klagenemndas avgj\u00f8relse<\/a> om at Aidon og Kamstrup kun skal levere m\u00e5linger, ikke kommunikasjon, st\u00f8tter denne tolkningen. Dette er en viktig seier for de kundene som opplever helsemessige problemer knyttet til smartm\u00e5lerne. Mer informasjon finnes i en t<a href=\"https:\/\/youtu.be\/UXjAEMkXSLY\" target=\"_blank\" class=\"\" style=\"outline: none;\">o-delt youtube video om AMS og milj\u00f8informasjonsloven<\/a> \u2013 s\u00e6rlig fra 23:15 i del \u00e9n.<\/p><\/div><div class=\"thrv_wrapper tve_image_caption tve_ea_thrive_zoom\" data-css=\"tve-u-179041e27e2\"><span class=\"tve_image_frame\"><img data-opt-id=2139711995  data-opt-src=\"https:\/\/mletj9hl6nds.i.optimole.com\/cb:tkqR.3d908\/w:auto\/h:auto\/q:mauto\/f:best\/https:\/\/ams.monster\/blogg\/wp-content\/uploads\/2021\/01\/justervesenet-vedrorende-definisjonen-av-ams-maler.jpg.webp\"  decoding=\"async\" class=\"tve_image wp-image-8463 tve_evt_manager_listen tve_et_click\" alt=\"Justervesenet - Definisjonen av en AMS-m\u00e5ler\" data-id=\"8463\" data-init-width=\"1040\" data-init-height=\"488\" title=\"justervesenet-vedr\u00f8rende-definisjonen-av-ams-m\u00e5ler\" src=\"https:\/\/mletj9hl6nds.i.optimole.com\/cb:tkqR.3d908\/w:auto\/h:auto\/q:eco\/f:best\/https:\/\/ams.monster\/blogg\/wp-content\/uploads\/2021\/01\/justervesenet-vedrorende-definisjonen-av-ams-maler.jpg.webp\" data-width=\"697\" data-height=\"327\" data-link-wrap=\"true\" width=\"697\" height=\"327\" data-tcb-events=\"__TCB_EVENT_[{&quot;t&quot;:&quot;click&quot;,&quot;a&quot;:&quot;thrive_zoom&quot;,&quot;config&quot;:{&quot;id&quot;:&quot;8463&quot;,&quot;size&quot;:&quot;full&quot;}}]_TNEVE_BCT__\" loading=\"lazy\" style=\"aspect-ratio: auto 1040 \/ 488;\"><noscript><img data-opt-id=2139711995  decoding=\"async\" class=\"tve_image wp-image-8463 tve_evt_manager_listen tve_et_click\" alt=\"Justervesenet - Definisjonen av en AMS-m\u00e5ler\" data-id=\"8463\" data-init-width=\"1040\" data-init-height=\"488\" title=\"justervesenet-vedr\u00f8rende-definisjonen-av-ams-m\u00e5ler\" src=\"https:\/\/mletj9hl6nds.i.optimole.com\/cb:tkqR.3d908\/w:auto\/h:auto\/q:mauto\/f:best\/https:\/\/ams.monster\/blogg\/wp-content\/uploads\/2021\/01\/justervesenet-vedrorende-definisjonen-av-ams-maler.jpg.webp\" data-width=\"697\" data-height=\"327\" data-link-wrap=\"true\" width=\"697\" height=\"327\" data-tcb-events=\"__TCB_EVENT_[{&quot;t&quot;:&quot;click&quot;,&quot;a&quot;:&quot;thrive_zoom&quot;,&quot;config&quot;:{&quot;id&quot;:&quot;8463&quot;,&quot;size&quot;:&quot;full&quot;}}]_TNEVE_BCT__\" loading=\"lazy\" style=\"aspect-ratio: auto 1040 \/ 488;\"></noscript><\/span><\/div><div class=\"thrv_wrapper thrv_text_element tve_ea_thrive_lightbox\"><p data-end=\"582\" data-start=\"183\">Det lille nettselskapet Vokks Nett (n\u00e5 Etna Nett) har vist en bemerkelsesverdig klarhet i sitt syn p\u00e5 bruken av begrepet \"AMS-m\u00e5ler\" \u2013 en innsikt som dessverre ser ut til \u00e5 mangle hos Norges st\u00f8rste nettselskap, Elvia, og deres kommunikasjonssjef Morten Schau. Der Elvia forvirrer og forenkler, leverer Vokks en tydelig kritikk av Reguleringsmyndigheten &nbsp;for energi NVE (RME).<\/p><p data-end=\"1009\" data-start=\"584\">I en klage til NVE uttrykker Vokks Nett skepsis til at RME omtaler str\u00f8mm\u00e5lere uten kommunikasjonsmodul som \"AMS-m\u00e5lere\". Dette oppleves som misvisende og undergraver troverdigheten til hele milliardprosjektet med utbygging av AMS-teknologi:<br data-start=\"825\" data-end=\"828\"><em data-end=\"1009\" data-start=\"828\">\u00abAt RME fortsatt i sitt vedtak omtaler str\u00f8mm\u00e5lere uten kommunikasjon som AMS m\u00e5lere, er lite tillitsvekkende. Det stiller milliardprosjektet med AMS utbygging i et underlig lys.\u00bb<\/em><\/p><p data-end=\"1401\" data-start=\"1011\">Sitatet vitner om en realitetsorientert holdning Vokks Nett \u2013 i motsetning til det man ofte ser i Elvias kundebehandling, hvor teknisk innsikt erstattes med bortforklaringer. At kundebehandlere i store selskaper fremst\u00e5r mer autorit\u00e6re enn kunnskapsrike, er dessverre ikke uvanlig. Som Charles Darwin sa for over hundre \u00e5r siden: <em data-end=\"1401\" data-start=\"1341\">\"Uvitenhet avler oftere selvtillit enn hva kunnskap gj\u00f8r.\"<\/em><\/p><p data-end=\"1623\" data-start=\"1403\">N\u00e5r regulatoriske feilbegrep f\u00e5r st\u00e5 uimotsagt, svekkes b\u00e5de forbrukernes tillit og rettssikkerhet. Det burde ikke v\u00e6re de sm\u00e5 nettselskapenes ansvar \u00e5 rydde opp i begrepsbruken som myndigheter og monopoler<\/p><p data-end=\"218\" data-start=\"156\"><strong data-end=\"218\" data-start=\"156\">Elvias tapte stengesaker \u2013 og Schau som bagatelliserer dem<\/strong><\/p><p data-end=\"640\" data-start=\"220\">I intervjuet med <em data-end=\"258\" data-start=\"237\">Halden Arbeiderblad<\/em> hevder Morten Schau, kommunikasjonssjef i Elvia AS, at det har v\u00e6rt flere rettsrunder om stenging av str\u00f8m grunnet nekt av AMS-m\u00e5ler. Han p\u00e5st\u00e5r samtidig at dette gjelder <em data-end=\"437\" data-start=\"430\">andre<\/em> nettselskaper, ikke Elvia selv:<br data-start=\"469\" data-end=\"472\"><strong><em data-end=\"630\" data-start=\"472\"><strong><em>\u2013 Da ikke mot oss, men mot andre nettselskaper. Der har de som har nektet \u00e5 installere slike AMS-m\u00e5lere ikke f\u00e5tt medhold. Jeg kan ikke se at det skal v\u00e6re noe annerledes i denne saken sammenlignet med tilsvarende tidligere saker. S\u00e5 jeg frykter absolutt ikke denne rettssaken, sier Schau til Halden Arbeiderblad.<\/em><\/strong><\/em><\/strong><\/p><p data-end=\"785\" data-start=\"642\">Men denne fremstillingen er direkte misvisende. Det finnes allerede flere rettskraftige kjennelser der Elvia er d\u00f8mt for ulovlig str\u00f8mstenging:<\/p><ul data-end=\"1034\" data-start=\"787\"><li data-end=\"898\" data-start=\"787\"><a href=\"https:\/\/ams.monster\/blogg\/hedmarken-tingrett-har-behandlet-en-stengesak-elvia-ma-pakoble-strom-til-kunde\/\" target=\"_blank\"><strong data-end=\"799\" data-start=\"789\">Sak 1:<\/strong>\n<em data-end=\"837\" data-start=\"800\">Hedmarken tingrett, 28. januar 2021<\/em><\/a> \u2013 Elvia ble p\u00e5lagt \u00e5 straks koble til str\u00f8mmen hos kunden.<\/li><li data-end=\"1034\" data-start=\"899\"><a href=\"https:\/\/ams.monster\/dok\/Nord-Osterdal-tingrett-kjennelse-20.11.2020-stenging-av-strom-ELVIA-avskjermet.pdf\" target=\"_blank\"><strong data-end=\"911\" data-start=\"901\">Sak 2:<\/strong>\n<em data-end=\"955\" data-start=\"912\">Nord-\u00d8sterdal tingrett, 20. november 2020<\/em><\/a> \u2013 Elvia ble p\u00e5lagt \u00e5 levere str\u00f8m til kundens m\u00e5lepunkt uten ekstra kostnader.<\/li><\/ul><p data-end=\"1414\" data-start=\"1036\">Schau unng\u00e5r \u00e5 nevne disse sakene, og gir i stedet inntrykk av at Elvia st\u00e5r uten presedens p\u00e5 omr\u00e5det. Enten er han ukjent med realitetene, eller s\u00e5 fors\u00f8ker han \u00e5 t\u00e5kelegge dem. Det reiser et grunnleggende sp\u00f8rsm\u00e5l: Tror Schau at Elvia opererer med et regelverk som skiller seg fra resten av bransjen \u2013 selv om de leverer samme monopolbaserte tjeneste som andre nettselskaper?<\/p><p data-end=\"1605\" data-start=\"1416\">Retten har flere ganger sl\u00e5tt fast at kundene ikke er rettslig forpliktet til \u00e5 godta AMS-tilbudet, og at stenging i slike tilfeller kan utgj\u00f8re monopolmisbruk. Dette kommer tydelig fram i:<\/p><ul data-end=\"1905\" data-start=\"1607\"><li data-end=\"1788\" data-start=\"1607\"><strong data-end=\"1681\" data-start=\"1609\">Kristiansand tingrett, 17. september 2018 <strong data-end=\"1681\" data-start=\"1609\"><a href=\"https:\/\/ams.monster\/dok\/Kristiansand-tingrett-17.09.2018-uthevet.pdf\" target=\"_blank\">(sak 18-124406TVI-KISA06)<\/a><strong data-end=\"1681\" data-start=\"1609\">:<\/strong><\/strong><\/strong> Retten anerkjente skillet mellom str\u00f8mm\u00e5ler og smartm\u00e5ler \u2013 noe nettselskapet i saken ikke hadde forst\u00e5tt.<\/li><li data-end=\"1905\" data-start=\"1789\">Retten bemerket ogs\u00e5 at det er monopolmisbruk dersom str\u00f8mstengning f\u00f8rer til urimelige virkninger for abonnenten.<\/li><\/ul><p data-end=\"2227\" data-start=\"1907\">Mediens ukritiske videreformidling av Schaus uttalelser bidrar til feilinformasjon og tap av tillit. N\u00e5r fakta utelates, og kritiske sp\u00f8rsm\u00e5l ikke stilles, mister offentligheten innsikten de har krav p\u00e5. I stedet for \u00e5 etterg\u00e5 Elvias praksis, lar journalistikken seg bruke som mikrofonstativ for udokumenterte p\u00e5stander.<\/p><p data-end=\"2227\" data-start=\"1907\"><a href=\"https:\/\/ams.monster\/blogg\/stromstengning-i-domstolen\/\" target=\"_blank\" class=\"\" style=\"outline: none;\">Lenke til andre str\u00f8mstenge saker domstolen har behandlet<\/a><\/p><\/div><div class=\"thrv_wrapper tve_image_caption tve_ea_thrive_zoom\" data-css=\"tve-u-17904f1f729\"><span class=\"tve_image_frame\"><img data-opt-id=1935656237  data-opt-src=\"https:\/\/mletj9hl6nds.i.optimole.com\/cb:tkqR.3d908\/w:auto\/h:auto\/q:mauto\/f:best\/https:\/\/ams.monster\/blogg\/wp-content\/uploads\/2020\/03\/ams-dom-tingretten-kristiansand.jpg.webp\"  decoding=\"async\" class=\"tve_image wp-image-3633 tve_evt_manager_listen tve_et_click\" alt=\"AMS dom i tingretten kunden har ikke plikt til \u00e5 installere AMS\" data-id=\"3633\" data-init-width=\"1406\" data-init-height=\"316\" title=\"ams-dom-tingretten-kristiansand\" src=\"https:\/\/mletj9hl6nds.i.optimole.com\/cb:tkqR.3d908\/w:auto\/h:auto\/q:eco\/f:best\/https:\/\/ams.monster\/blogg\/wp-content\/uploads\/2020\/03\/ams-dom-tingretten-kristiansand.jpg.webp\" data-width=\"697\" data-height=\"157\" data-link-wrap=\"true\" width=\"697\" height=\"157\" data-tcb-events=\"__TCB_EVENT_[{&quot;t&quot;:&quot;click&quot;,&quot;a&quot;:&quot;thrive_zoom&quot;,&quot;config&quot;:{&quot;id&quot;:&quot;3633&quot;,&quot;size&quot;:&quot;full&quot;}}]_TNEVE_BCT__\" loading=\"lazy\" style=\"aspect-ratio: auto 1406 \/ 316;\"><noscript><img data-opt-id=1935656237  decoding=\"async\" class=\"tve_image wp-image-3633 tve_evt_manager_listen tve_et_click\" alt=\"AMS dom i tingretten kunden har ikke plikt til \u00e5 installere AMS\" data-id=\"3633\" data-init-width=\"1406\" data-init-height=\"316\" title=\"ams-dom-tingretten-kristiansand\" src=\"https:\/\/mletj9hl6nds.i.optimole.com\/cb:tkqR.3d908\/w:auto\/h:auto\/q:mauto\/f:best\/https:\/\/ams.monster\/blogg\/wp-content\/uploads\/2020\/03\/ams-dom-tingretten-kristiansand.jpg.webp\" data-width=\"697\" data-height=\"157\" data-link-wrap=\"true\" width=\"697\" height=\"157\" data-tcb-events=\"__TCB_EVENT_[{&quot;t&quot;:&quot;click&quot;,&quot;a&quot;:&quot;thrive_zoom&quot;,&quot;config&quot;:{&quot;id&quot;:&quot;3633&quot;,&quot;size&quot;:&quot;full&quot;}}]_TNEVE_BCT__\" loading=\"lazy\" style=\"aspect-ratio: auto 1406 \/ 316;\"></noscript><\/span><\/div><div class=\"thrv_wrapper thrv_text_element\"><p data-end=\"252\" data-start=\"187\"><strong data-end=\"252\" data-start=\"187\">Stenging av str\u00f8m \u2013 Elvias lovbrudd og Schaus feilinformasjon<\/strong><\/p><p data-end=\"541\" data-start=\"254\">Morten Schau, kommunikasjonssjef i Elvia AS, har uttalt f\u00f8lgende til media:<br data-start=\"329\" data-end=\"332\"><strong><em data-end=\"541\" data-start=\"332\">\u00abDa m\u00e5 vi i ytterste konsekvens stenge str\u00f8mmen. For folk m\u00e5 ha m\u00e5ler. Og det har ogs\u00e5 skjedd at vi har m\u00e5ttet stenge str\u00f8mmen. Vi har en kunde oppe i Innlandet som har v\u00e6rt uten str\u00f8m i snart halvannet \u00e5r.\u00bb<\/em><\/strong><\/p><p data-end=\"747\" data-start=\"543\">Denne uttalelsen fremst\u00e5r som b\u00e5de feilinformert og i strid med gjeldende rett. Har ikke Schau f\u00e5tt med seg at Elvia tidligere har blitt d\u00f8mt i to saker hvor retten slo fast at str\u00f8mstengning var ulovlig?<\/p><ul data-end=\"1069\" data-start=\"749\"><li data-end=\"852\" data-start=\"749\"><p data-end=\"852\" data-start=\"751\"><strong data-end=\"791\" data-start=\"751\">Hedmarken tingrett, 28. januar 2021:<\/strong> Elvia ble p\u00e5lagt straks \u00e5 koble str\u00f8mmen tilbake til kunden.<\/p><\/li><li data-end=\"1069\" data-start=\"853\"><p data-end=\"1069\" data-start=\"855\"><strong data-end=\"901\" data-start=\"855\">Nord-\u00d8sterdal tingrett, 20. november 2020:<\/strong> Elvia m\u00e5tte levere str\u00f8m til kunden uten ekstra kostnader. Retten vurderte stengningen som ulovlig \u2013 Elvia hadde ikke rettslig grunnlag etter tvangsfullbyrdelsesloven.<\/p><\/li><\/ul><p data-end=\"1369\" data-start=\"1071\">If\u00f8lge <a href=\"https:\/\/lovdata.no\/lov\/1990-06-29-50\/%C2%A73-3\" target=\"_blank\"><strong data-end=\"1099\" data-start=\"1078\">Energiloven \u00a7 3-3<\/strong><\/a> har nettselskaper en leveringsplikt til alle sluttbrukere. \u00c5 stenge str\u00f8mmen uten gyldig tvangsgrunnlag eller <a href=\"https:\/\/ams.monster\/blogg\/kan-nettselskapet-stenge-kundens-strom\/\" target=\"_blank\">rettslig kjennelse fra tingretten<\/a> er et brudd p\u00e5 denne lovfestede plikten. Str\u00f8m til husholdninger regnes som et prim\u00e6rbehov \u2013 en n\u00f8dvendighet, ikke en luksus.<\/p><p data-end=\"1679\" data-start=\"1371\">Dette ble ogs\u00e5 fastsl\u00e5tt i en <a href=\"https:\/\/ams.monster\/frostating\/frostating.htm\" target=\"_blank\"><strong data-end=\"1442\" data-start=\"1401\">kjennelse fra Frostating lagmannsrett<\/strong><\/a>, der retten vurderte et krav om midlertidig forf\u00f8yning fra et nettselskap. Selv i tilfeller med betalingsmislighold, konkluderte lagmannsretten med at frakobling ville utgj\u00f8re et urimelig inngrep \u2013 og derfor representere monopolmisbruk.<\/p><p data-end=\"2072\" data-start=\"1681\">Det er alvorlig n\u00e5r en kommunikasjonssjef i et monopolbasert energiselskap sprer feilinformasjon til offentligheten \u2013 spesielt n\u00e5r denne informasjonen dreier seg om folks grunnleggende rett til str\u00f8mforsyning. Elvia har ikke rett til \u00e5 stenge str\u00f8mmen som en form for pressmiddel, og heller ikke fordi kunden ikke aksepterer en AMS-komponent som det ikke finnes eksplisitt hjemmel for i lov.<\/p><\/div>","tve_custom_css":"@media (min-width: 300px){[data-css=\"tve-u-179041d76a1\"] { width: 710px; }[data-css=\"tve-u-179041e27e2\"] { width: 1040px; }[data-css=\"tve-u-179044610d9\"] { width: 700px; }[data-css=\"tve-u-179044684cb\"] { max-width: 33.3326%; }[data-css=\"tve-u-1790446c711\"] { margin-top: -24px !important; }[data-css=\"tve-u-17904490af8\"] { width: 337px; margin-top: -16px !important; }[data-css=\"tve-u-17904f1f729\"] { width: 1406px; }[data-css=\"tve-u-1790561f9a6\"] { margin-top: 42px !important; }[data-css=\"tve-u-1790562559e\"] { margin-top: -25px !important; }[data-css=\"tve-u-1790570bc03\"] { max-width: 33.3333%; }[data-css=\"tve-u-179057108bb\"] { width: 1245px; }[data-css=\"tve-u-179082772d7\"] { margin-top: -1px !important; }[data-css=\"tve-u-17e2fd91d6e\"] { width: 1009px; }[data-css=\"tve-u-180d8728933\"] { padding-top: 0px !important; margin-top: 0px !important; }[data-css=\"tve-u-180d8a602b4\"] { position: static; top: 0px; background-image: linear-gradient(rgba(251, 247, 247, 0.5), rgba(251, 247, 247, 0.5)) !important; background-size: auto !important; background-position: 50% 50% !important; background-attachment: scroll !important; background-repeat: no-repeat !important; --background-image: linear-gradient(rgba(251,247,247,0.5),rgba(251,247,247,0.5)) !important; --background-size: auto auto !important; --background-position: 50% 50% !important; --background-attachment: scroll !important; --background-repeat: no-repeat !important; --tve-applied-background-image: linear-gradient(rgba(251,247,247,0.5),rgba(251,247,247,0.5)) !important; margin-right: -15px !important; margin-top: 20px !important; padding-top: 10px !important; z-index: 3 !important; }:not(#tve) [data-css=\"tve-u-180d8a602b4\"] li { margin-bottom: 25px !important; }[data-css=\"tve-u-1838b672df2\"] { margin-top: 0px !important; background-image: linear-gradient(var(--tcb-skin-color-2),var(--tcb-skin-color-2)) !important; background-size: auto !important; background-position: 50% 50% !important; background-attachment: scroll !important; background-repeat: no-repeat !important; --background-image: linear-gradient(var(--tcb-skin-color-2),var(--tcb-skin-color-2)) !important; --background-size: auto auto !important; --background-position: 50% 50% !important; --background-attachment: scroll !important; --background-repeat: no-repeat !important; --tve-applied-background-image: linear-gradient(var$(--tcb-skin-color-2),var$(--tcb-skin-color-2)) !important; }[data-css=\"tve-u-1838b679660\"] .tve_sep { width: 100%; background-image: url(\"data:image\/svg+xml;charset=utf8,%3Csvg version='1.1' xmlns='http:\/\/www.w3.org\/2000\/svg' xmlns:xlink='http:\/\/www.w3.org\/1999\/xlink' x='0px' y='0px' viewBox='0 0 9 3' style='enable-background:new 0 0 9 3;' xml:space='preserve'%3E%3Crect x='2' y='1' fill='rgb(66,66,66)' width='5' height='1'\/%3E%3C\/svg%3E\"); background-size: 3px 3px; --tve-applied-background-image: url(\"data:image\/svg+xml;charset=utf8,%3Csvg version='1.1' xmlns='http:\/\/www.w3.org\/2000\/svg' xmlns:xlink='http:\/\/www.w3.org\/1999\/xlink' x='0px' y='0px' viewBox='0 0 9 3' style='enable-background:new 0 0 9 3;' xml:space='preserve'%3E%3Crect x='2' y='1' fill='rgb(66,66,66)' width='5' height='1'\/%3E%3C\/svg%3E\"); height: 3px !important; }.tcb-post-list[data-css=\"tve-u-170630a041f\"] .post-wrapper.thrv_wrapper { width: calc(100% + 0px); }.tcb-post-list[data-css=\"tve-u-170630a041f\"] .post-wrapper.thrv_wrapper:nth-child(n+2) { margin-top: 10px !important; }.tcb-post-list[data-css=\"tve-u-170630a041f\"] .post-wrapper.thrv_wrapper:not(:nth-child(n+2)) { margin-top: 0px !important; }.tcb-post-list[data-css=\"tve-u-170630a041f\"] .post-wrapper.thrv_wrapper:not(:nth-child(n)) { margin-right: 30px !important; }.tcb-post-list[data-css=\"tve-u-170630a041f\"] .post-wrapper.thrv_wrapper:nth-child(n) { margin-right: 0px !important; }}","tve_user_custom_css":"","tve_globals":{"e":"1","font_cls":[]},"tcb2_ready":1,"tcb_editor_enabled":1,"tve_landing_page":"","_tve_header":"0","_tve_footer":"0"},"categories":[43,70,60,44],"tags":[34,51,59],"class_list":["post-10606","post","type-post","status-publish","format-standard","hentry","category-ams-malerne","category-elvia","category-stenging","category-tingrett","tag-elvia","tag-stenging","tag-tingrett","post-wrapper","thrv_wrapper"],"modified_by":"monster","_links":{"self":[{"href":"https:\/\/ams.monster\/blogg\/wp-json\/wp\/v2\/posts\/10606","targetHints":{"allow":["GET"]}}],"collection":[{"href":"https:\/\/ams.monster\/blogg\/wp-json\/wp\/v2\/posts"}],"about":[{"href":"https:\/\/ams.monster\/blogg\/wp-json\/wp\/v2\/types\/post"}],"author":[{"embeddable":true,"href":"https:\/\/ams.monster\/blogg\/wp-json\/wp\/v2\/users\/5"}],"replies":[{"embeddable":true,"href":"https:\/\/ams.monster\/blogg\/wp-json\/wp\/v2\/comments?post=10606"}],"version-history":[{"count":4,"href":"https:\/\/ams.monster\/blogg\/wp-json\/wp\/v2\/posts\/10606\/revisions"}],"predecessor-version":[{"id":27493,"href":"https:\/\/ams.monster\/blogg\/wp-json\/wp\/v2\/posts\/10606\/revisions\/27493"}],"wp:attachment":[{"href":"https:\/\/ams.monster\/blogg\/wp-json\/wp\/v2\/media?parent=10606"}],"wp:term":[{"taxonomy":"category","embeddable":true,"href":"https:\/\/ams.monster\/blogg\/wp-json\/wp\/v2\/categories?post=10606"},{"taxonomy":"post_tag","embeddable":true,"href":"https:\/\/ams.monster\/blogg\/wp-json\/wp\/v2\/tags?post=10606"}],"curies":[{"name":"wp","href":"https:\/\/api.w.org\/{rel}","templated":true}]}}