{"id":1127,"date":"2019-06-01T21:21:46","date_gmt":"2019-06-01T19:21:46","guid":{"rendered":"https:\/\/ams.monster\/blogg\/?p=1127"},"modified":"2022-09-26T16:12:23","modified_gmt":"2022-09-26T14:12:23","slug":"ams-dom-i-kristiansand-tingrett","status":"publish","type":"post","link":"https:\/\/ams.monster\/blogg\/ams-dom-i-kristiansand-tingrett\/","title":{"rendered":"Kristiansand tingrett: AMS-kjennelse"},"content":{"rendered":"<p>Agder Energi Netts begj\u00e6ring om midlertidig forf\u00f8yning ble forkastet av Kristiansand tingrett i september 2018. Nettselskapet (saks\u00f8ker) begj\u00e6rte <a style=\"outline: none;\" href=\"https:\/\/www.raeder.no\/aktuelt\/midlertidig-forfoyning\/\" target=\"_blank\" rel=\"noopener\">midlertidig forf\u00f8yning<\/a> om \u00e5 komme inn i saks\u00f8ktes bolig for \u00e5 erstatte den gamle str\u00f8mm\u00e5leren med en smartm\u00e5ler som inneholder en kommunikasjonsenhet (AMS del). Tingretten forkastet nettselskapets forf\u00f8yning.<\/p>\n<p>Merk at det er to dommer i denne saken. Dom nr. 2 av 17. september 2018 gjelder, dom nr. 1 oppheves fra 20. juli 2018. Her tar mange nettselskaper feil hvilken dom som gjelder n\u00e5r de hevder sin urett. Dommen nr. 2 <a style=\"outline: none;\" href=\"https:\/\/ams.monster\/dok\/Kristiansand-tingrett-17.09.2018-uthevet.pdf\" target=\"_blank\" rel=\"noopener\">lastes ned her<\/a>.<\/p>\n<p><em><strong>&laquo;Retten kan ikke se av nettleieavtalen at det er tatt inn et avtalevilk\u00e5r som eksplisitt gjelder kundens plikt til \u00e5 bytte til AMS-m\u00e5ler&raquo;<\/strong><\/em><\/p>\n<p><img data-opt-id=923194299  fetchpriority=\"high\" decoding=\"async\" title=\"utdrag-dom-2-tingretten-slutning\" src=\"https:\/\/mletj9hl6nds.i.optimole.com\/cb:tkqR.3d908\/w:auto\/h:auto\/q:mauto\/f:best\/https:\/\/ams.monster\/blogg\/wp-content\/uploads\/2020\/01\/utdrag-dom-2-tingretten-slutning.jpg\" alt=\"Kristiansand tingrett\" width=\"697\" height=\"556\" data-id=\"2384\" data-init-width=\"1008\" data-init-height=\"805\" data-width=\"697\" data-height=\"556\" data-link-wrap=\"true\" \/><\/p>\n<h4><strong>Utdrag av tingrettens bemerkninger<\/strong><\/h4>\n<p><em>&laquo;Retten bemerker at str\u00f8msperring virker som et meget sterkt betalingspress, og detvil bli bed\u00f8mt som monopolmisbruk dersom str\u00f8msperring f\u00f8rer til urimelige virkningerfor abonnenten&raquo;.<\/em><\/p>\n<p>&laquo;<em>Retten legger til grunn at nettselskapet innen 01.01.2019 har en offentligrettslig plikt til \u00e5 ha installert AMS i alle m\u00e5lepunkt i sitt konsesjonsomr\u00e5de, <\/em><a href=\"https:\/\/lovdata.no\/forskrift\/1999-03-11-301\/\u00a74-1\" target=\"_blank\" rel=\"noopener\"><em>jf forskrift om m\u00e5ling, avregning, fakturering av nettjenester og elektrisk energi, nettselskapets n\u00f8ytralitet mv<\/em><\/a><em>.\u00a0<\/em><\/p>\n<p><em><strong>Retten kan ikke se av nettleieavtalen at det er tatt inn et avtalevilk\u00e5r som eksplisitt gjelder kundens plikt til \u00e5 bytte til AMS-m\u00e5ler.&raquo;<\/strong><\/em><\/p>\n<p><em>&laquo;Retten aksepterte at det foreligger en forskrift som gir nettselskapet rettslig plikt til \u00e5 installere smartm\u00e5leren. Men retten pekte p\u00e5 at nettleieavtalen ikke inneholdt avtalevilk\u00e5r som gjelder kundens plikt til \u00e5 bytte til \u00abAMS\u2010m\u00e5ler\u00bb. Nettselskapet m\u00e5 derfor skaffe seg en ordin\u00e6r dom for dette kravet, og deretter eventuelt begj\u00e6re den dommen tvangsfullbyrdet.&raquo;<\/em><\/p>\n<p><strong>Retten forst\u00e5r m.a.o. forskjellen p\u00e5 en str\u00f8mm\u00e5ler og <\/strong><a style=\"outline: none;\" href=\"https:\/\/ams.monster\/blogg\/smartmalere\/\" target=\"_blank\" rel=\"noopener\"><strong>en smartm\u00e5ler<\/strong><\/a><strong> som nettselskapet ikke hadde skj\u00f8nt.<\/strong><\/p>\n<p>Kunden er ikke forpliktet til \u00e5 akseptere AMS (kommunikasjonsenheten i smartm\u00e5leren). Det eneste kundene trenger \u00e5 v\u00e6re klar over er at nettselskapet har en <em>rett<\/em> til \u00e5 bytte ut <em>&laquo;m\u00e5leutstyret&raquo;<\/em> dersom det er n\u00f8dvendig av andre \u00e5rsaker. Se <a style=\"outline: none;\" href=\"https:\/\/ams.monster\/dok\/Energinorge_standardavtale_nettleie_og_vilkar_for_tilknytning_2007-uthevet.pdf\" target=\"_blank\" rel=\"noopener\">Standard avtale for nettleie av 2007 \u00a7 5-1 Installasjon og drift av m\u00e5leutstyr<\/a>.<\/p>\n<p>Reguleringsmyndigheten i NVE (RME) har ikke p\u00e5lagt nettselskapene \u00e5 bytte ut str\u00f8mm\u00e5leren hos kunden. RME har, eller rettere sagt <a style=\"outline: none;\" href=\"https:\/\/lovdata.no\/forskrift\/1999-03-11-301\/\u00a74-1\" target=\"_blank\" rel=\"noopener\">forskriften<\/a> har p\u00e5lagt nettselskapet \u00e5 installere <a href=\"void(0)\" target=\"_blank\" rel=\"noopener\">AMS<\/a> (hva n\u00e5 enn forskriften mener dette skal inkludere) p\u00e5 alle m\u00e5lepunkter.<\/p>\n<p><img data-opt-id=196799359  fetchpriority=\"high\" decoding=\"async\" title=\"nve-svar-med-ingen-plikt-til-a-bytte-ut-maleren\" src=\"https:\/\/mletj9hl6nds.i.optimole.com\/cb:tkqR.3d908\/w:auto\/h:auto\/q:mauto\/f:best\/https:\/\/ams.monster\/blogg\/wp-content\/uploads\/2020\/10\/nve-svar-med-ingen-plikt-til-a-bytte-ut-maleren.jpg\" alt=\"NVE ingen plikt \u00e5 bytte ut m\u00e5leren\" width=\"697\" height=\"239\" data-id=\"6196\" data-init-width=\"1009\" data-init-height=\"345\" data-width=\"697\" data-height=\"239\" data-link-wrap=\"true\" \/><\/p>\n<p><strong><a style=\"outline: none;\" spellcheck=\"false\" href=\"https:\/\/ams.monster\/dok\/skjema\/Info-ark-om-Avansert-m%C3%A5le-og-styringssystemer-Definisjon-av-AMS-og-Krav-om-installasjon.pdf\" target=\"_blank\" rel=\"noopener\" data-ms-editor=\"true\">Last ned informasjonsarket om Avansert m\u00e5le- og styringssystemer &#8211; Definisjon av AMS og installasjonskrav<\/a><\/strong><\/p>\n<blockquote><p><strong>Nettselskapene har tatt i bruk en ulovlig avtale<\/strong><a style=\"outline: none;\" spellcheck=\"false\" href=\"https:\/\/ams.monster\/blogg\/nye-standardvilkar-for-nettleie-og-tilknytning-for-forbruker\/\" target=\"_blank\" rel=\"noopener\" data-ms-editor=\"true\">Nye standardvilk\u00e5r for nettleie og tilknytning for forbruker (2020)<\/a><\/p><\/blockquote>\n<blockquote><p><strong><span data-attr-css=\"\" data-attr-link=\"1\" data-attr-rel=\"0\" data-attr-target=\"0\" data-extra_key=\"\" data-option-inline=\"1\" data-shortcode=\"tcb_post_title\" data-shortcode-name=\"Post title\">LES OGS\u00c5<\/span><\/strong><a style=\"outline: none;\" href=\"https:\/\/ams.monster\/blogg\/kan-nettselskapet-stenge-kundens-strom\/\" target=\"_blank\" rel=\"noopener\"><span data-attr-css=\"\" data-attr-link=\"1\" data-attr-rel=\"0\" data-attr-target=\"0\" data-extra_key=\"\" data-option-inline=\"1\" data-shortcode=\"tcb_post_title\" data-shortcode-name=\"Post title\">Kan nettselskapet stenge kundens str\u00f8m? NEI!<\/span><\/a><\/p><\/blockquote>\n<blockquote><p><strong>LES OGS\u00c5<\/strong><a style=\"outline: none;\" href=\"https:\/\/ams.monster\/blogg\/fatt-krav-pa-ams-gebyr-hvordan-skrive-en-apenbart-ikke-grunnlos-innsigelse\/\" target=\"_blank\" rel=\"noopener\">F\u00e5tt krav p\u00e5 AMS-gebyr \u2013 Hvordan skrive en \u00e5penbart ikke grunnl\u00f8s innsigelse?<\/a><\/p><\/blockquote>\n","protected":false},"excerpt":{"rendered":"<p>Agder Energi Netts begj\u00e6ring om midlertidig forf\u00f8yning ble forkastet av Kristiansand tingrett i september 2018. Nettselskapet (saks\u00f8ker) begj\u00e6rte midlertidig forf\u00f8yning om \u00e5 komme inn i saks\u00f8ktes bolig for \u00e5 erstatte den gamle str\u00f8mm\u00e5leren med en smartm\u00e5ler som inneholder en kommunikasjonsenhet (AMS del). Tingretten forkastet nettselskapets forf\u00f8yning. Merk at det er to dommer i denne saken. [&hellip;]<\/p>\n","protected":false},"author":5,"featured_media":0,"comment_status":"open","ping_status":"closed","sticky":false,"template":"","format":"standard","meta":{"_lmt_disableupdate":"yes","_lmt_disable":"no","footnotes":"","tve_updated_post":"<div class=\"thrv_wrapper thrv_text_element\"><p>Agder Energi Netts begj\u00e6ring om <a href=\"https:\/\/www.domstol.no\/no\/juridisk-ordliste\/m\/midlertidig-forfoyning\/\" target=\"_blank\"><strong data-end=\"392\" data-start=\"366\">midlertidig forf\u00f8yning<\/strong><\/a> ble forkastet av Kristiansand tingrett i september 2018.<br data-start=\"449\" data-end=\"452\">Nettselskapet (saks\u00f8ker) krevde \u00e5 f\u00e5 adgang til saks\u00f8ktes bolig for \u00e5 bytte ut den gamle str\u00f8mm\u00e5leren med en <strong data-end=\"575\" data-start=\"561\">smartm\u00e5ler<\/strong> som inneholder en kommunikasjonsenhet (AMS-delen).<br data-start=\"626\" data-end=\"629\">Tingretten avviste begj\u00e6ringen.<\/p><\/div><div class=\"tcb-clear\" data-css=\"tve-u-1838b3afdc3\"><div class=\"thrv_wrapper thrv_contentbox_shortcode thrv-content-box\" data-css=\"tve-u-1838b3afdc4\" data-ct-name=\"Tutorial: Note Box\" data-ct=\"stylebox-8983\" data-element-name=\"Styled Box\">\n<div class=\"tve-content-box-background\" data-css=\"tve-u-1838b3afdc5\"><\/div>\n<div class=\"tve-cb tve_empty_dropzone\" data-css=\"tve-u-1838b3afdc6\"><div class=\"thrv_wrapper thrv_text_element tve_empty_dropzone\"><p><em><strong>\"Retten kan ikke se av nettleieavtalen at det er tatt inn et avtalevilk\u00e5r som eksplisitt gjelder kundens plikt til \u00e5 bytte til AMS-m\u00e5ler\"<\/strong><\/em><\/p><\/div><\/div>\n<\/div><\/div><div class=\"thrv_wrapper thrv_text_element\"><h2 data-end=\"708\" data-start=\"667\" class=\"\">To kjennelser \u2013 bare den siste gjelder<\/h2><p data-end=\"757\" data-start=\"710\">Merk at det finnes <strong data-end=\"746\" data-start=\"729\">to kjennelser<\/strong> i saken.<\/p><ul data-end=\"865\" data-start=\"758\" class=\"\"><li data-end=\"807\" data-start=\"758\"><p data-end=\"807\" data-start=\"760\"><strong data-end=\"779\" data-start=\"760\">Kjennelse nr. 1<\/strong>: 20. juli 2018 (opphevet)<\/p><\/li><li data-end=\"865\" data-start=\"808\"><p data-end=\"865\" data-start=\"810\"><strong data-end=\"829\" data-start=\"810\">Kjennelse nr. 2<\/strong>: 17. september 2018 (<strong data-end=\"862\" data-start=\"851\">gjelder<\/strong>)<\/p><\/li><\/ul><p data-end=\"975\" data-start=\"867\">Mange nettselskaper henviser feilaktig til den f\u00f8rste kjennelsen.<br data-start=\"932\" data-end=\"935\"><strong data-end=\"954\" data-start=\"935\">Kjennelse nr. 2<\/strong> lastes ned <a data-end=\"974\" data-start=\"966\" href=\"https:\/\/ams.monster\/dok\/Kristiansand-tingrett-17.09.2018-uthevet.pdf\" class=\"\" style=\"outline: none;\" target=\"_blank\">her<\/a>.<\/p><\/div><div class=\"thrv_wrapper thrv-divider\" data-style-d=\"tve_sep-3\" data-thickness-d=\"3\" data-color-d=\"rgb(66, 66, 66)\" data-css=\"tve-u-185638292a4\">\n\t<hr class=\"tve_sep tve_sep-3\" style=\"\">\n<\/div><div class=\"thrv_wrapper tve_image_caption img_style_lifted_style1 tve_ea_thrive_zoom\" data-css=\"tve-u-17203cb7a40\" style=\"\"><span class=\"tve_image_frame\"><img data-opt-id=1371199646  fetchpriority=\"high\" decoding=\"async\" class=\"tve_image wp-image-2384 tve_evt_manager_listen tve_et_click\" alt=\"Kristiansand tingrett\" data-id=\"2384\" data-init-width=\"1008\" data-init-height=\"805\" title=\"utdrag-dom-2-tingretten-slutning\" src=\"https:\/\/mletj9hl6nds.i.optimole.com\/cb:tkqR.3d908\/w:auto\/h:auto\/q:mauto\/f:best\/https:\/\/ams.monster\/blogg\/wp-content\/uploads\/2020\/01\/utdrag-dom-2-tingretten-slutning.jpg.webp\" data-width=\"697\" data-height=\"556\" data-link-wrap=\"true\" width=\"697\" height=\"556\" data-tcb-events=\"__TCB_EVENT_[{&quot;t&quot;:&quot;click&quot;,&quot;a&quot;:&quot;thrive_zoom&quot;,&quot;config&quot;:{&quot;id&quot;:&quot;2384&quot;,&quot;size&quot;:&quot;full&quot;}}]_TNEVE_BCT__\" style=\"aspect-ratio: auto 1008 \/ 805;\" loading=\"lazy\"><\/span><\/div><div class=\"thrv_wrapper thrv-divider\" data-style-d=\"tve_sep-3\" data-thickness-d=\"3\" data-color-d=\"rgb(66, 66, 66)\" data-css=\"tve-u-18563823be5\">\n\t<hr class=\"tve_sep tve_sep-3\" style=\"\">\n<\/div><div class=\"thrv_wrapper thrv_toggle tve-toggle-auto-collapse\" data-columns=\"1\" data-animation=\"slide-fade\" data-animation-speed=\"fast\" data-ct-name=\"Default\" data-ct=\"toggle-55351\" data-css=\"tve-u-1838b3de321\" style=\"\">\n\t<div class=\"tve-toggle-grid tve-prevent-content-edit\" style=\"\"><div class=\"tve-toggle-column\" data-index=\"1\" style=\"\"><div class=\"thrv_toggle_item tve_faq\" style=\"\" data-css=\"tve-u-1838b3de326\">\n\t\t\t\t<div class=\"tve_faqI\">\n\t\t\t\t\t<div class=\"tve_faqB thrv_toggle_title tcb-icon-display tve-toggle-show-icon\" data-icon-code=\"icon-page-next-outlined\" data-css=\"tve-u-1837e55eec2\" data-selector=\"[data-css=&quot;tve-u-1838b3de321&quot;] .thrv_toggle_title\" data-tcb_hover_state_parent=\"\" style=\"\">\n\t\t\t\t\t\t<div class=\"tve_toggle\" style=\"\"><svg class=\"tcb-icon\" viewBox=\"0 0 24 24\" data-id=\"icon-page-next-outlined\" data-name=\"\"><path d=\"M22,3H5A2,2 0 0,0 3,5V9H5V5H22V19H5V15H3V19A2,2 0 0,0 5,21H22A2,2 0 0,0 24,19V5A2,2 0 0,0 22,3M7,15V13H0V11H7V9L11,12L7,15M20,13H13V11H20V13M20,9H13V7H20V9M17,17H13V15H17V17Z\"><\/path><\/svg><\/div>\n\t\t\t\t\t\t<h4 class=\"tve-toggle-text\">Vestfold tingrett: Glitre Energi Nett saks\u00f8ker egne kunder<\/h4>\n\t\t\t\t\t<\/div>\n\t\t\t\t\t<div class=\"tve_faqC \">\n\t\t\t\t\t\t<div class=\"thrv_wrapper thrv_toggle_content tve-elem-default-pad\" data-css=\"tve-u-1838b3de327\">\n\t\t\t\t\t\t\t<div class=\"tve-content-box-background\" data-css=\"tve-u-1838b3de328\" style=\"\"><\/div>\n\t\t\t\t\t\t\t<div class=\"tve-cb\">\n\t\t\t\t\t\t\t\t<div class=\"thrv_wrapper thrv_text_element\"><p data-end=\"325\" data-start=\"285\"><strong data-end=\"300\" data-start=\"285\">Saksnummer:<\/strong> 22-104049TVI-TVES\/THOR<\/p><p data-end=\"477\" data-start=\"327\">Glitre Energi Nett har <strong data-end=\"373\" data-start=\"350\">stevnet \u00e5tte kunder<\/strong> i en p\u00e5g\u00e5ende sak ved <strong data-end=\"417\" data-start=\"396\">Vestfold tingrett<\/strong>.<br data-start=\"418\" data-end=\"421\">To av kundene f\u00f8rer saken <strong data-end=\"476\" data-start=\"447\">selv som selvprosederende<\/strong>.<\/p><h2 data-end=\"524\" data-start=\"484\">Kjernen i saken: retten til privatliv<\/h2><p data-end=\"829\" data-start=\"526\">Innsamling av data via <strong data-end=\"594\" data-start=\"549\">AMS (Avanserte M\u00e5le- og Styringssystemer)<\/strong> knyttet til et privat hjem er <strong data-end=\"647\" data-start=\"625\">personopplysninger<\/strong> i lovens forstand.<br data-start=\"666\" data-end=\"669\">Dette ligger i <strong data-end=\"719\" data-start=\"684\">kjernen av ordlyden \"privatliv\"<\/strong>, slik den er beskyttet i <strong data-end=\"804\" data-start=\"745\">Den europeiske menneskerettskonvensjon (EMK) artikkel 8<\/strong> og <strong data-end=\"828\" data-start=\"808\">Grunnloven \u00a7 102<\/strong>.<\/p><p data-end=\"977\" data-start=\"831\">Sp\u00f8rsm\u00e5let retten skal ta stilling til er om <strong data-end=\"928\" data-start=\"876\">installasjon av AMS i kundens hjem uten samtykke<\/strong> inneb\u00e6rer et <strong data-end=\"976\" data-start=\"942\">inngrep i retten til privatliv<\/strong>.<\/p><h2 data-end=\"1021\" data-start=\"984\">EMK artikkel 8 og Grunnloven \u00a7 102<\/h2><p data-end=\"1139\" data-start=\"1023\">Retten til privatliv er <strong data-end=\"1064\" data-start=\"1047\">ikke absolutt<\/strong>.<br data-start=\"1065\" data-end=\"1068\">Et inngrep kan v\u00e6re lovlig dersom <strong data-end=\"1127\" data-start=\"1102\">tre kumulative vilk\u00e5r<\/strong> er oppfylt:<\/p><ol data-end=\"1274\" data-start=\"1141\"><li data-end=\"1186\" data-start=\"1141\"><p data-end=\"1186\" data-start=\"1144\">Inngrepet m\u00e5 v\u00e6re <strong data-end=\"1183\" data-start=\"1162\">i samsvar med lov<\/strong>,<\/p><\/li><li data-end=\"1226\" data-start=\"1187\"><p data-end=\"1226\" data-start=\"1190\">Ivareta et <strong data-end=\"1220\" data-start=\"1201\">legitimt form\u00e5l<\/strong>, og<\/p><\/li><li data-end=\"1274\" data-start=\"1227\"><p data-end=\"1274\" data-start=\"1230\">V\u00e6re <strong data-end=\"1273\" data-start=\"1235\">n\u00f8dvendig i et demokratisk samfunn<\/strong>.<\/p><\/li><\/ol><p data-end=\"1414\" data-start=\"1276\">Dette f\u00f8lger av <strong data-end=\"1316\" data-start=\"1292\">EMK artikkel 8 nr. 2<\/strong>, og de samme vilk\u00e5rene gjelder etter <strong data-end=\"1374\" data-start=\"1354\">Grunnloven \u00a7 102<\/strong>, jf. <strong data-end=\"1414\" data-start=\"1380\">Rt. 2014 s. 1105 (avsnitt 28).<\/strong><\/p><h2 data-end=\"1444\" data-start=\"1421\">Kravet om lovhjemmel<\/h2><p data-end=\"1620\" data-start=\"1446\">Det f\u00f8rste vilk\u00e5ret krever at inngrepet er <strong data-end=\"1512\" data-start=\"1489\">\u00abi samsvar med lov\u00bb<\/strong>.<br data-start=\"1513\" data-end=\"1516\">Et inngrep kan bygge b\u00e5de p\u00e5 <strong data-end=\"1566\" data-start=\"1545\">en lovbestemmelse<\/strong> eller <strong data-end=\"1596\" data-start=\"1573\">en konkret handling<\/strong>, men hjemmelen m\u00e5 v\u00e6re:<\/p><ul data-end=\"1705\" data-start=\"1622\"><li data-end=\"1666\" data-start=\"1622\"><p data-end=\"1666\" data-start=\"1624\"><strong data-end=\"1640\" data-start=\"1624\">tilgjengelig<\/strong> for den det gjelder, og<\/p><\/li><li data-end=\"1705\" data-start=\"1667\"><p data-end=\"1705\" data-start=\"1669\"><strong data-end=\"1684\" data-start=\"1669\">forutsigbar<\/strong> i sine virkninger.<\/p><\/li><\/ul><p data-end=\"1786\" data-start=\"1707\">Dette er understreket i <strong data-end=\"1785\" data-start=\"1731\">Roman Zakharov mot Russland (ECHR 2015, para. 228)<\/strong>.<\/p><h2 data-end=\"1834\" data-start=\"1793\">Nettselskapets plikt \u2013 og kundens rett<\/h2><p data-end=\"2036\" data-start=\"1836\">Nettselskapet har en <strong data-end=\"1884\" data-start=\"1857\">offentligrettslig plikt<\/strong> til \u00e5 installere AMS, jf. <strong data-end=\"1942\" data-start=\"1911\">avregningsforskriften \u00a7 4-1<\/strong>,<br data-start=\"1943\" data-end=\"1946\">fastsatt med hjemmel i <strong data-end=\"1999\" data-start=\"1969\">energilovforskriften \u00a7 9-1<\/strong>, jf. <strong data-end=\"2035\" data-start=\"2005\">energiloven \u00a7\u00a7 10-6 og 4-3<\/strong>.<\/p><p data-end=\"2312\" data-start=\"2038\">Men:<br data-start=\"2042\" data-end=\"2045\">Forskriften retter seg <strong data-end=\"2093\" data-start=\"2068\">kun mot nettselskapet<\/strong> \u2013 ikke mot kunden.<br data-start=\"2112\" data-end=\"2115\">Det finnes <strong data-end=\"2150\" data-start=\"2126\">ingen lovbestemmelse<\/strong> som p\u00e5legger <strong data-end=\"2179\" data-start=\"2164\">forbrukeren<\/strong> \u00e5 t\u00e5le installasjon av AMS i sitt hjem, eller \u00e5 samtykke til at det samles inn og lagres omfattende personopplysninger fra m\u00e5ledata.<\/p><p data-end=\"2370\" data-start=\"2314\">Dermed inneb\u00e6rer praksisen at forbrukeren tvinges til \u00e5:<\/p><ul data-end=\"2566\" data-start=\"2372\"><li data-end=\"2423\" data-start=\"2372\"><p data-end=\"2423\" data-start=\"2374\">akseptere <strong data-end=\"2404\" data-start=\"2384\">AMS-installasjon<\/strong> i egen bolig, og<\/p><\/li><li data-end=\"2566\" data-start=\"2424\"><p data-end=\"2566\" data-start=\"2426\">godta <strong data-end=\"2488\" data-start=\"2432\">innsamling, lagring og bruk av detaljerte persondata<\/strong> som g\u00e5r langt utover det som er avtalt i <strong data-end=\"2565\" data-start=\"2530\">standard nettleieavtale av 2007<\/strong>.<\/p><\/li><\/ul><h2 data-end=\"2624\" data-start=\"2573\">Lovkravet ikke oppfylt \u2013 brudd p\u00e5 EMK artikkel 8<\/h2><p data-end=\"2809\" data-start=\"2626\">Ettersom <strong data-end=\"2660\" data-start=\"2635\">kravet til lovhjemmel<\/strong> ikke er oppfylt, faller ogs\u00e5 hele vilk\u00e5rskjeden bort.<br data-start=\"2714\" data-end=\"2717\">N\u00e5r ett av de tre kumulative vilk\u00e5rene ikke foreligger, kan ikke inngrepet rettferdiggj\u00f8res.<\/p><p data-end=\"2932\" data-start=\"2811\"><strong data-end=\"2826\" data-start=\"2811\">Konklusjon:<\/strong><br data-start=\"2826\" data-end=\"2829\">Inngrepet utgj\u00f8r et <strong data-end=\"2882\" data-start=\"2849\">brudd p\u00e5 retten til privatliv<\/strong> etter <strong data-end=\"2907\" data-start=\"2889\">EMK artikkel 8<\/strong> og <strong data-end=\"2931\" data-start=\"2911\">Grunnloven \u00a7 102<\/strong>.<\/p><h2 data-end=\"2957\" data-start=\"2939\">Kort oppsummert<\/h2><ul data-end=\"3262\" data-start=\"2959\"><li data-end=\"3023\" data-start=\"2959\"><p data-end=\"3023\" data-start=\"2961\">Glitre Energi Nett har stevnet 8 kunder i Vestfold tingrett.<\/p><\/li><li data-end=\"3059\" data-start=\"3024\"><p data-end=\"3059\" data-start=\"3026\">To av kundene f\u00f8rer saken selv.<\/p><\/li><li data-end=\"3115\" data-start=\"3060\"><p data-end=\"3115\" data-start=\"3062\">AMS-innsamling anses som <strong data-end=\"3112\" data-start=\"3087\">inngrep i privatlivet<\/strong>.<\/p><\/li><li data-end=\"3182\" data-start=\"3116\"><p data-end=\"3182\" data-start=\"3118\"><strong data-end=\"3133\" data-start=\"3118\">Forskriften<\/strong> gir kun nettselskapet plikt \u2013 <strong data-end=\"3179\" data-start=\"3164\">ikke kunden<\/strong>.<\/p><\/li><li data-end=\"3262\" data-start=\"3183\"><p data-end=\"3262\" data-start=\"3185\">Lovkravet er <strong data-end=\"3214\" data-start=\"3198\">ikke oppfylt<\/strong>, og inngrepet er dermed <strong data-end=\"3261\" data-start=\"3239\">konvensjonsstridig<\/strong>.<\/p><\/li><\/ul>\t\t\t\t\t\t\t\t<\/div>\n\t\t\t\t\t\t\t<\/div>\n\t\t\t\t\t\t<\/div>\n\t\t\t\t\t<\/div>\n\t\t\t\t<\/div>\n\t\t\t<\/div><\/div><\/div>\n<\/div><div class=\"thrv_wrapper thrv-divider\" data-style-d=\"tve_sep-3\" data-thickness-d=\"3\" data-color-d=\"rgb(66, 66, 66)\" data-css=\"tve-u-18563823be5\">\n\t<hr class=\"tve_sep tve_sep-3\" style=\"\">\n<\/div><div class=\"thrv_wrapper thrv_text_element\">\t<h2 data-end=\"1021\" data-start=\"982\">Sitater fra tingrettens bemerkninger<\/h2><blockquote data-end=\"1163\" data-start=\"1023\"><p data-end=\"1163\" data-start=\"1025\">\"Retten kan ikke se av nettleieavtalen at det er tatt inn et avtalevilk\u00e5r som eksplisitt gjelder kundens plikt til \u00e5 bytte til AMS-m\u00e5ler.\"<\/p><\/blockquote><blockquote data-end=\"1353\" data-start=\"1165\"><p data-end=\"1353\" data-start=\"1167\">\"Retten bemerker at str\u00f8msperring virker som et meget sterkt betalingspress, og det vil bli bed\u00f8mt som monopolmisbruk dersom str\u00f8msperring f\u00f8rer til urimelige virkninger for abonnenten.\"<\/p><\/blockquote><blockquote data-end=\"1629\" data-start=\"1355\"><p data-end=\"1629\" data-start=\"1357\">\"Retten legger til grunn at nettselskapet innen 01.01.2019 har en offentligrettslig plikt til \u00e5 ha installert AMS i alle m\u00e5lepunkt i sitt konsesjonsomr\u00e5de, jf. forskrift om m\u00e5ling, avregning, fakturering av nettjenester og elektrisk energi, nettselskapets n\u00f8ytralitet mv.\"<\/p><\/blockquote><h2 data-end=\"1685\" data-start=\"1636\">Retten skiller mellom str\u00f8mm\u00e5ler og smartm\u00e5ler<\/h2><p data-end=\"2010\" data-start=\"1687\">Retten aksepterte at det finnes en <strong data-end=\"1735\" data-start=\"1722\">forskrift<\/strong> som p\u00e5legger nettselskapene \u00e5 installere AMS.<br data-start=\"1781\" data-end=\"1784\">Men den p\u00e5pekte at <strong data-end=\"1854\" data-start=\"1803\">nettleieavtalen ikke p\u00e5legger kunden noen plikt<\/strong> til \u00e5 bytte til AMS-m\u00e5ler.<br data-start=\"1881\" data-end=\"1884\">Nettselskapet m\u00e5 derfor <strong data-end=\"1937\" data-start=\"1908\">skaffe seg en ordin\u00e6r dom<\/strong> for et slikt krav, og deretter eventuelt <strong data-end=\"2009\" data-start=\"1979\">begj\u00e6re tvangsfullbyrdelse<\/strong>.<\/p><blockquote data-end=\"2141\" data-start=\"2012\"><p data-end=\"2141\" data-start=\"2014\">Retten forstod med andre ord forskjellen p\u00e5 en vanlig str\u00f8mm\u00e5ler og en <a href=\"https:\/\/ams.monster\/blogg\/smartmalere\/\" target=\"_blank\">smartm\u00e5ler<\/a> \u2013 noe nettselskapet selv ikke hadde forst\u00e5tt.<\/p><\/blockquote><h2 data-end=\"2193\" data-start=\"2148\">Kunden har ingen plikt til \u00e5 akseptere AMS<\/h2><p data-end=\"2466\" data-start=\"2195\">Kunden er <strong data-end=\"2224\" data-start=\"2205\">ikke forpliktet<\/strong> til \u00e5 akseptere AMS (kommunikasjonsenheten i m\u00e5leren).<br data-start=\"2279\" data-end=\"2282\">Nettselskapet har kun rett til \u00e5 bytte ut <strong data-end=\"2340\" data-start=\"2324\">m\u00e5leutstyret<\/strong> dersom det er n\u00f8dvendig av andre \u00e5rsaker, jf. <a href=\"https:\/\/ams.monster\/dok\/Energinorge_standardavtale_nettleie_og_vilkar_for_tilknytning_2007-uthevet.pdf\" target=\"_blank\" class=\"\" style=\"outline: none;\"><strong data-end=\"2466\" data-start=\"2387\">Standard nettleieavtale (2007) \u00a7 5-1 \u2013 Installasjon og drift av m\u00e5leutstyr<\/strong><\/a><strong data-end=\"2466\" data-start=\"2387\">.<\/strong><\/p><h2 data-end=\"2511\" data-start=\"2473\">NVE og RME \u2013 ingen plikt for kunden<\/h2><p data-end=\"2734\" data-start=\"2513\"><strong data-end=\"2556\" data-start=\"2513\">Reguleringsmyndigheten for energi (RME)<\/strong> har <strong data-end=\"2569\" data-start=\"2561\">ikke<\/strong> p\u00e5lagt nettselskapene \u00e5 bytte ut str\u00f8mm\u00e5leren hos kunden.<br data-start=\"2627\" data-end=\"2630\">Forskriften p\u00e5legger kun nettselskapet \u00e5 installere AMS i sitt omr\u00e5de \u2013 <strong data-end=\"2717\" data-start=\"2702\">ikke kunden<\/strong> \u00e5 ta den i bruk.<\/p><p data-end=\"2791\" data-start=\"2736\">Kunden i denne saken har fortsatt sin gamle (snurre) str\u00f8mm\u00e5ler.<\/p><h2 data-end=\"2822\" data-start=\"2798\">Ulovlige avtalevilk\u00e5r<\/h2><p data-end=\"3022\" data-start=\"2824\">Nettselskapene har tatt i bruk <a href=\"https:\/\/ams.monster\/blogg\/nye-standardvilkar-for-nettleie-og-tilknytning-for-forbruker\/\" target=\"_blank\" class=\"\" style=\"outline: none;\"><strong data-end=\"2882\" data-start=\"2855\">ulovlige standardvilk\u00e5r<\/strong><\/a> for nettleie og tilknytning (2020).<br data-start=\"2918\" data-end=\"2921\">Dette st\u00e5r i kontrast til b\u00e5de <strong data-end=\"2977\" data-start=\"2952\">tingrettens kjennelse<\/strong> og <strong data-end=\"3021\" data-start=\"2981\">den privatrettslige <\/strong><a href=\"https:\/\/ams.monster\/dok\/Energinorge_standardavtale_nettleie_og_vilkar_for_tilknytning_2007-uthevet.pdf\" target=\"_blank\"><strong data-end=\"3021\" data-start=\"2981\">avtalen fra 2007<\/strong><\/a>.<\/p><h3 data-end=\"3048\" data-start=\"3029\">Relaterte saker<\/h3><ul data-end=\"3178\" data-start=\"3050\"><li data-end=\"3103\" data-start=\"3050\"><p data-end=\"3103\" data-start=\"3052\"><a data-end=\"3101\" data-start=\"3052\" href=\"https:\/\/ams.monster\/blogg\/kan-nettselskapet-stenge-kundens-strom\/\" class=\"\" style=\"outline: none;\" target=\"_blank\">Kan nettselskapet stenge kundens str\u00f8m? NEI!<\/a><\/p><\/li><li data-end=\"3178\" data-start=\"3104\"><p data-end=\"3178\" data-start=\"3106\"><a data-end=\"3178\" data-start=\"3106\" href=\"https:\/\/ams.monster\/dok\/skjema\/Info-ark-om-Avansert-m%C3%A5le-og-styringssystemer-Definisjon-av-AMS-og-Krav-om-installasjon.pdf\" class=\"\" style=\"outline: none;\" target=\"_blank\">Last ned informasjonsarket om AMS \u2013 definisjon og installasjonskrav<\/a><\/p><\/li><\/ul><\/div><div class=\"thrv_wrapper tve_image_caption img_style_lifted_style1 tve_ea_thrive_zoom\" data-css=\"tve-u-175c2bc93b4\"><span class=\"tve_image_frame\"><img data-opt-id=1731945030  data-opt-src=\"https:\/\/mletj9hl6nds.i.optimole.com\/cb:tkqR.3d908\/w:auto\/h:auto\/q:mauto\/f:best\/https:\/\/ams.monster\/blogg\/wp-content\/uploads\/2020\/10\/nve-svar-med-ingen-plikt-til-a-bytte-ut-maleren.jpg.webp\"  decoding=\"async\" class=\"tve_image wp-image-6196 tve_evt_manager_listen tve_et_click\" alt=\"NVE ingen plikt \u00e5 bytte ut m\u00e5leren\" data-id=\"6196\" data-init-width=\"1009\" data-init-height=\"345\" title=\"nve-svar-med-ingen-plikt-til-a-bytte-ut-maleren\" src=\"https:\/\/mletj9hl6nds.i.optimole.com\/cb:tkqR.3d908\/w:auto\/h:auto\/q:eco\/f:best\/https:\/\/ams.monster\/blogg\/wp-content\/uploads\/2020\/10\/nve-svar-med-ingen-plikt-til-a-bytte-ut-maleren.jpg.webp\" data-width=\"697\" data-height=\"239\" data-link-wrap=\"true\" width=\"697\" height=\"239\" data-tcb-events=\"__TCB_EVENT_[{&quot;t&quot;:&quot;click&quot;,&quot;a&quot;:&quot;thrive_zoom&quot;,&quot;config&quot;:{&quot;id&quot;:&quot;6196&quot;,&quot;size&quot;:&quot;full&quot;}}]_TNEVE_BCT__\" style=\"aspect-ratio: auto 1009 \/ 345;\" loading=\"lazy\"><noscript><img data-opt-id=1731945030  decoding=\"async\" class=\"tve_image wp-image-6196 tve_evt_manager_listen tve_et_click\" alt=\"NVE ingen plikt \u00e5 bytte ut m\u00e5leren\" data-id=\"6196\" data-init-width=\"1009\" data-init-height=\"345\" title=\"nve-svar-med-ingen-plikt-til-a-bytte-ut-maleren\" src=\"https:\/\/mletj9hl6nds.i.optimole.com\/cb:tkqR.3d908\/w:auto\/h:auto\/q:mauto\/f:best\/https:\/\/ams.monster\/blogg\/wp-content\/uploads\/2020\/10\/nve-svar-med-ingen-plikt-til-a-bytte-ut-maleren.jpg.webp\" data-width=\"697\" data-height=\"239\" data-link-wrap=\"true\" width=\"697\" height=\"239\" data-tcb-events=\"__TCB_EVENT_[{&quot;t&quot;:&quot;click&quot;,&quot;a&quot;:&quot;thrive_zoom&quot;,&quot;config&quot;:{&quot;id&quot;:&quot;6196&quot;,&quot;size&quot;:&quot;full&quot;}}]_TNEVE_BCT__\" style=\"aspect-ratio: auto 1009 \/ 345;\" loading=\"lazy\"></noscript><\/span><\/div><div class=\"thrv_wrapper thrv_text_element\" style=\"\" data-css=\"tve-u-1838b419c64\"><blockquote class=\"\"><strong>LES OGS\u00c5<\/strong><br><a class=\"\" href=\"https:\/\/ams.monster\/blogg\/fatt-krav-pa-ams-gebyr-hvordan-skrive-en-apenbart-ikke-grunnlos-innsigelse\/\" style=\"outline: none;\" target=\"_blank\">F\u00e5tt krav p\u00e5 AMS-gebyr \u2013 Hvordan skrive en \u00e5penbart ikke grunnl\u00f8s innsigelse?<\/a><\/blockquote><\/div>","tve_custom_css":"@media (min-width: 300px){[data-css=\"tve-u-17203cb7a40\"] { width: 1008px; margin-top: 0px !important; margin-bottom: 0px !important; }[data-css=\"tve-u-175c2bc93b4\"] { width: 1009px; }:not(#tve) .thrv-content-box [data-css=\"tve-u-1838b3afdc6\"] p, :not(#tve) .thrv-content-box [data-css=\"tve-u-1838b3afdc6\"] li, :not(#tve) .thrv-content-box [data-css=\"tve-u-1838b3afdc6\"] blockquote, :not(#tve) .thrv-content-box [data-css=\"tve-u-1838b3afdc6\"] address { color: rgb(92, 92, 92); }[data-css=\"tve-u-1838b3afdc6\"] p { margin: 0px !important; padding: 0px !important; }[data-css=\"tve-u-1838b3afdc5\"] { box-shadow: rgba(0, 0, 0, 0.2) 0px 3px 5px; background-color: rgb(249, 231, 151) !important; }[data-css=\"tve-u-1838b3afdc3\"]::after { clear: both; }[data-css=\"tve-u-1838b3afdc4\"] { max-width: 100%; float: left; z-index: 3; position: relative; width: 100%; padding: 30px !important; }[data-css=\"tve-u-1838b3de321\"] { --tve-color: rgb(13,13,13); max-width: 697px; }[data-css=\"tve-u-1838b3de321\"] .tve-toggle-column { width: calc(100% + 0px) !important; margin-left: 0px !important; }[data-css=\"tve-u-1838b3de321\"] .tve-toggle-grid { margin-left: 0px !important; }[data-css=\"tve-u-1838b3de321\"] .thrv_toggle_title.tve-state-expanded .tve_toggle:not(.inc) { color: rgb(12, 34, 21) !important; font-size: 28px !important; width: 28px !important; height: 28px !important; }[data-css=\"tve-u-1838b3de321\"] .thrv_toggle_title .tve_toggle { font-size: 28px !important; width: 28px !important; height: 28px !important; }[data-css=\"tve-u-1838b3de321\"] .thrv_toggle_title { background-image: linear-gradient(var(--tcb-skin-color-2),var(--tcb-skin-color-2)) !important; background-size: auto !important; background-position: 50% 50% !important; background-attachment: scroll !important; background-repeat: no-repeat !important; --background-image: linear-gradient(var(--tcb-skin-color-2),var(--tcb-skin-color-2)) !important; --background-size: auto auto !important; --background-position: 50% 50% !important; --background-attachment: scroll !important; --background-repeat: no-repeat !important; --tve-applied-background-image: linear-gradient(var$(--tcb-skin-color-2),var$(--tcb-skin-color-2)) !important; }[data-css=\"tve-u-1838b3de321\"].tve-state-expanded .tve-toggle-column { width: calc(50% + 0px) !important; margin-left: 0px !important; }[data-css=\"tve-u-1838b3de321\"].tve-state-expanded .tve-toggle-grid { margin-left: 0px !important; }[data-css=\"tve-u-1838b3de326\"] { --toggle-vertical-space: 7px; }[data-css=\"tve-u-1838b3de327\"] { --tve-color: rgb(110,110,110); }[data-css=\"tve-u-1838b3de328\"] { background-image: linear-gradient(var(--tcb-skin-color-2),var(--tcb-skin-color-2)) !important; background-size: auto !important; background-position: 50% 50% !important; background-attachment: scroll !important; background-repeat: no-repeat !important; --background-image: linear-gradient(var(--tcb-skin-color-2),var(--tcb-skin-color-2)) !important; --background-size: auto auto !important; --background-position: 50% 50% !important; --background-attachment: scroll !important; --background-repeat: no-repeat !important; --tve-applied-background-image: linear-gradient(var$(--tcb-skin-color-2),var$(--tcb-skin-color-2)) !important; }[data-css=\"tve-u-1838b419c64\"] { margin-top: 36px !important; }[data-css=\"tve-u-18563823be5\"] .tve_sep { width: 100%; background-image: url(\"data:image\/svg+xml;charset=utf8,%3Csvg version='1.1' xmlns='http:\/\/www.w3.org\/2000\/svg' xmlns:xlink='http:\/\/www.w3.org\/1999\/xlink' x='0px' y='0px' viewBox='0 0 9 3' style='enable-background:new 0 0 9 3;' xml:space='preserve'%3E%3Crect x='2' y='1' fill='rgb(66,66,66)' width='5' height='1'\/%3E%3C\/svg%3E\"); background-size: 3px 3px; --tve-applied-background-image: url(\"data:image\/svg+xml;charset=utf8,%3Csvg version='1.1' xmlns='http:\/\/www.w3.org\/2000\/svg' xmlns:xlink='http:\/\/www.w3.org\/1999\/xlink' x='0px' y='0px' viewBox='0 0 9 3' style='enable-background:new 0 0 9 3;' xml:space='preserve'%3E%3Crect x='2' y='1' fill='rgb(66,66,66)' width='5' height='1'\/%3E%3C\/svg%3E\"); height: 3px !important; }[data-css=\"tve-u-185638292a4\"] .tve_sep { width: 100%; background-image: url(\"data:image\/svg+xml;charset=utf8,%3Csvg version='1.1' xmlns='http:\/\/www.w3.org\/2000\/svg' xmlns:xlink='http:\/\/www.w3.org\/1999\/xlink' x='0px' y='0px' viewBox='0 0 9 3' style='enable-background:new 0 0 9 3;' xml:space='preserve'%3E%3Crect x='2' y='1' fill='rgb(66,66,66)' width='5' height='1'\/%3E%3C\/svg%3E\"); background-size: 3px 3px; --tve-applied-background-image: url(\"data:image\/svg+xml;charset=utf8,%3Csvg version='1.1' xmlns='http:\/\/www.w3.org\/2000\/svg' xmlns:xlink='http:\/\/www.w3.org\/1999\/xlink' x='0px' y='0px' viewBox='0 0 9 3' style='enable-background:new 0 0 9 3;' xml:space='preserve'%3E%3Crect x='2' y='1' fill='rgb(66,66,66)' width='5' height='1'\/%3E%3C\/svg%3E\"); height: 3px !important; }.tcb-post-list[data-css=\"tve-u-170630a041f\"] .post-wrapper.thrv_wrapper { width: calc(100% + 0px); }.tcb-post-list[data-css=\"tve-u-170630a041f\"] .post-wrapper.thrv_wrapper:nth-child(n+2) { margin-top: 10px !important; }.tcb-post-list[data-css=\"tve-u-170630a041f\"] .post-wrapper.thrv_wrapper:not(:nth-child(n+2)) { margin-top: 0px !important; }.tcb-post-list[data-css=\"tve-u-170630a041f\"] .post-wrapper.thrv_wrapper:not(:nth-child(n)) { margin-right: 30px !important; }.tcb-post-list[data-css=\"tve-u-170630a041f\"] .post-wrapper.thrv_wrapper:nth-child(n) { margin-right: 0px !important; }}@media (max-width: 767px){[data-css=\"tve-u-1838b3afdc4\"] { padding: 14px !important; }}","tve_user_custom_css":"","tve_globals":{"e":"1","font_cls":[]},"tcb2_ready":1,"tcb_editor_enabled":1,"tve_landing_page":"","_tve_header":"0","_tve_footer":"0"},"categories":[40,44],"tags":[50,64,59],"class_list":["post-1127","post","type-post","status-publish","format-standard","hentry","category-ams","category-tingrett","tag-agder-energi-nett","tag-dom","tag-tingrett","post-wrapper","thrv_wrapper"],"modified_by":"monster","_links":{"self":[{"href":"https:\/\/ams.monster\/blogg\/wp-json\/wp\/v2\/posts\/1127","targetHints":{"allow":["GET"]}}],"collection":[{"href":"https:\/\/ams.monster\/blogg\/wp-json\/wp\/v2\/posts"}],"about":[{"href":"https:\/\/ams.monster\/blogg\/wp-json\/wp\/v2\/types\/post"}],"author":[{"embeddable":true,"href":"https:\/\/ams.monster\/blogg\/wp-json\/wp\/v2\/users\/5"}],"replies":[{"embeddable":true,"href":"https:\/\/ams.monster\/blogg\/wp-json\/wp\/v2\/comments?post=1127"}],"version-history":[{"count":4,"href":"https:\/\/ams.monster\/blogg\/wp-json\/wp\/v2\/posts\/1127\/revisions"}],"predecessor-version":[{"id":26957,"href":"https:\/\/ams.monster\/blogg\/wp-json\/wp\/v2\/posts\/1127\/revisions\/26957"}],"wp:attachment":[{"href":"https:\/\/ams.monster\/blogg\/wp-json\/wp\/v2\/media?parent=1127"}],"wp:term":[{"taxonomy":"category","embeddable":true,"href":"https:\/\/ams.monster\/blogg\/wp-json\/wp\/v2\/categories?post=1127"},{"taxonomy":"post_tag","embeddable":true,"href":"https:\/\/ams.monster\/blogg\/wp-json\/wp\/v2\/tags?post=1127"}],"curies":[{"name":"wp","href":"https:\/\/api.w.org\/{rel}","templated":true}]}}