{"id":27946,"date":"2025-12-23T15:11:30","date_gmt":"2025-12-23T14:11:30","guid":{"rendered":"https:\/\/ams.monster\/blogg\/?p=27946"},"modified":"2025-12-23T15:14:47","modified_gmt":"2025-12-23T14:14:47","slug":"da-avansert-maler-ble-tatt-ut-av-ams-forskriften","status":"publish","type":"post","link":"https:\/\/ams.monster\/blogg\/da-avansert-maler-ble-tatt-ut-av-ams-forskriften\/","title":{"rendered":"Da \u00abavansert m\u00e5ler\u00bb ble tatt ut av AMS-forskriften"},"content":{"rendered":"","protected":false},"excerpt":{"rendered":"","protected":false},"author":5,"featured_media":0,"comment_status":"open","ping_status":"closed","sticky":false,"template":"","format":"standard","meta":{"_lmt_disableupdate":"yes","_lmt_disable":"no","footnotes":"","tve_updated_post":"<div class=\"thrv_wrapper thrv_text_element\">\t<p><em>Dette innlegget dokumenterer hvordan et eksplisitt krav om \u00abavansert m\u00e5ler\u00bb ble foresl\u00e5tt i AMS-regelverket i 2008 \u2013 men fjernet f\u00f8r forskriften ble vedtatt \u2013 og hvordan begrepet \u00abAMS-m\u00e5ler\u00bb likevel har levd videre i praksis.<\/em><\/p><\/div><div class=\"thrv_wrapper thrv_text_element\">\t<p data-end=\"1821\" data-start=\"1641\">I snart ti \u00e5r har norske husholdninger f\u00e5tt beskjed om at de m\u00e5 installere \u00abAMS-m\u00e5ler\u00bb. Begrepet brukes av nettselskaper, myndigheter og media, ofte som om betydningen er selvsagt.<\/p><p data-end=\"1901\" data-start=\"1823\">Men ser man n\u00e6rmere p\u00e5 <strong data-end=\"1865\" data-start=\"1846\">AMS-regelverket<\/strong>, oppst\u00e5r et grunnleggende sp\u00f8rsm\u00e5l:<\/p><p data-end=\"1984\" data-start=\"1903\"><strong data-end=\"1984\" data-start=\"1903\">Finnes det egentlig et krav om \u00e5 installere en \u00abAMS-m\u00e5ler\u00bb i norsk forskrift?<\/strong><\/p><\/div><div class=\"thrv_wrapper thrv-divider\" data-style-d=\"tve_sep-1\" data-thickness-d=\"3\" data-color-d=\"rgb(66, 66, 66)\" data-gradient-d=\"linear-gradient(90deg, rgb(66, 66, 66) 0%, rgb(0, 0, 0) 100%)\" data-css=\"tve-u-19b4c241d5b\">\n\t<hr class=\"tve_sep tve_sep-1\" style=\"\">\n<\/div><div class=\"thrv_wrapper thrv_text_element\"><h2 data-end=\"2039\" data-start=\"1986\" class=\"\">AMS i forskriften: systemkrav \u2013 ikke krav om m\u00e5ler<\/h2><p data-end=\"2327\" data-start=\"2041\"><a href=\"https:\/\/lovdata.no\/forskrift\/1999-03-11-301\/\u00a74-1\" target=\"_blank\" class=\"\" style=\"outline: none;\">Avregningsforskriften \u00a7 4-1<\/a> p\u00e5legger nettselskapene \u00e5 s\u00f8rge for at <a href=\"https:\/\/www.nve.no\/reguleringsmyndigheten\/kunde\/stroem\/slik-fungerer-stroemmaaleren-din-ams\/\" target=\"_blank\" class=\"\" style=\"outline: none;\">m\u00e5lepunkt<\/a> er tilknyttet <a href=\"https:\/\/lovdata.no\/forskrift\/1999-03-11-301\/\u00a71-3\" target=\"_blank\" class=\"\" style=\"outline: none;\"><strong data-end=\"2177\" data-start=\"2132\">avanserte m\u00e5le- og styringssystemer (AMS)<\/strong><\/a>. Bestemmelsen er formulert som et <strong data-end=\"2240\" data-start=\"2212\">system- og funksjonskrav<\/strong>, og regulerer blant annet automatisk innsamling og tilgjengeliggj\u00f8ring av m\u00e5leverdier.<\/p><p data-end=\"2426\" data-start=\"2329\">Det som er p\u00e5fallende, er hva bestemmelsen <strong data-end=\"2380\" data-start=\"2372\">ikke<\/strong> sier. Forskriften inneholder ingen ordlyd om:<\/p><ul data-end=\"2541\" data-start=\"2427\" class=\"\"><li data-end=\"2460\" data-start=\"2427\"><p data-end=\"2460\" data-start=\"2429\">installasjon av ny str\u00f8mm\u00e5ler<\/p><\/li><li data-end=\"2501\" data-start=\"2461\"><p data-end=\"2501\" data-start=\"2463\">utskifting av eksisterende m\u00e5leenhet<\/p><\/li><li data-end=\"2541\" data-start=\"2502\"><p data-end=\"2541\" data-start=\"2504\">plikt til \u00e5 installere en \u00abAMS-m\u00e5ler\u00bb<\/p><\/li><\/ul><p data-end=\"2611\" data-start=\"2543\">Likevel er det nettopp dette mange opplever \u00e5 bli fortalt i praksis.<\/p><\/div><div class=\"thrv_wrapper thrv-divider\" data-style-d=\"tve_sep-1\" data-thickness-d=\"3\" data-color-d=\"rgb(66, 66, 66)\" data-gradient-d=\"linear-gradient(90deg, rgb(66, 66, 66) 0%, rgb(0, 0, 0) 100%)\" data-css=\"tve-u-19b4b922f60\">\n\t<hr class=\"tve_sep tve_sep-1\" style=\"\">\n<\/div><div class=\"thrv_wrapper tve_image_caption img_style_lifted_style1\" data-css=\"tve-u-19b4baa5548\"><span class=\"tve_image_frame\"><img data-opt-id=1715585354  fetchpriority=\"high\" decoding=\"async\" class=\"tve_image wp-image-27954 tve-not-lazy-loaded\" alt=\"\" data-id=\"27954\" width=\"697\" data-init-width=\"860\" height=\"464\" data-init-height=\"573\" title=\"NVE toside Image\" src=\"https:\/\/mletj9hl6nds.i.optimole.com\/cb:tkqR.3d908\/w:auto\/h:auto\/q:mauto\/f:best\/https:\/\/ams.monster\/blogg\/wp-content\/uploads\/2025\/12\/NVE-toside-Image.jpg\" data-link-wrap=\"true\" data-width=\"697\" data-height=\"464\" style=\"aspect-ratio: auto 860 \/ 573;\" loading=\"lazy\"><\/span><\/div><div class=\"thrv_wrapper thrv_text_element\"><h2 data-end=\"2677\" data-start=\"2613\" class=\"\">H\u00f8ringsforslaget fra 2008: Et eksplisitt krav som ble fjernet<\/h2><p data-end=\"2807\" data-start=\"2679\">Da AMS-forskriften var p\u00e5 <a href=\"https:\/\/publikasjoner.nve.no\/dokument\/2008\/dokument2008_12.pdf\" target=\"_blank\">h\u00f8ring i 2008<\/a>, foreslo NVE opprinnelig en helt annen l\u00f8sning. I h\u00f8ringsdokumentet side 22 sto det uttrykkelig:<\/p><blockquote data-end=\"2886\" data-start=\"2809\" class=\"\"><p data-end=\"2886\" data-start=\"2811\">\u00abNettselskapet skal i hvert enkelt m\u00e5lepunkt installere en avansert m\u00e5ler.\u00bb<\/p><\/blockquote><p data-end=\"2987\" data-start=\"2888\">Dette var et <strong data-end=\"2916\" data-start=\"2901\">produktkrav<\/strong> \u2013 et direkte p\u00e5legg om \u00e5 installere en bestemt type fysisk str\u00f8mm\u00e5ler.<\/p><\/div><div class=\"thrv_wrapper tve_image_caption img_style_lifted_style1\" data-css=\"tve-u-19b4c1987e3\"><span class=\"tve_image_frame\"><img data-opt-id=1086841562  fetchpriority=\"high\" decoding=\"async\" class=\"tve_image wp-image-27967 tve-not-lazy-loaded\" alt=\"\" data-id=\"27967\" width=\"697\" data-init-width=\"697\" height=\"265\" data-init-height=\"265\" title=\"NVE 2008-12 - Nettselskapet skal i hvert enkelt m\u00e5lepunkt installere en avansert m\u00e5ler\" src=\"https:\/\/mletj9hl6nds.i.optimole.com\/cb:tkqR.3d908\/w:auto\/h:auto\/q:mauto\/f:best\/https:\/\/ams.monster\/blogg\/wp-content\/uploads\/2025\/12\/NVE-2008-12-Nettselskapet-skal-i-hvert-enkelt-malepunkt-installere-en-avansert-maler.jpg\" data-link-wrap=\"true\" data-width=\"697\" data-height=\"265\" data-css=\"tve-u-19b4c19a427\" style=\"aspect-ratio: auto 697 \/ 265;\" loading=\"lazy\"><\/span><\/div><div class=\"thrv_wrapper thrv_text_element\"><p style=\"text-align: center;\"><a class=\"\" href=\"https:\/\/publikasjoner.nve.no\/dokument\/2008\/dokument2008_12.pdf\" style=\"outline: none;\" target=\"_blank\">https:\/\/publikasjoner.nve.no\/dokument\/2008\/dokument2008_12.pdf<\/a><\/p><\/div><div class=\"thrv_wrapper thrv_text_element\"><p data-end=\"3222\" data-start=\"2989\">Men denne formuleringen ble <strong data-end=\"3036\" data-start=\"3017\">ikke videref\u00f8rt<\/strong> i den endelige avregningsforskriften <a href=\"https:\/\/publikasjoner.nve.no\/dokument\/2011\/dokument2011_07.pdf\" target=\"_blank\" class=\"\" style=\"outline: none;\">(NVE dokument 7-2011 side 23 \u00a7 4-1\/4-2)<\/a>. I stedet valgte myndighetene \u00e5 regulere <strong data-end=\"3133\" data-start=\"3115\">AMS som system<\/strong>, med <a href=\"https:\/\/lovdata.no\/forskrift\/1999-03-11-301\/\u00a74-2\" target=\"_blank\" class=\"\" style=\"outline: none;\">funksjonskrav<\/a> \u2013 uten eksplisitt krav om installasjon eller utskifting av m\u00e5leenhet.<\/p><p data-end=\"3398\" data-start=\"3224\">I juridisk sammenheng er dette et viktig veivalg. N\u00e5r et konkret krav foresl\u00e5s og deretter tas ut f\u00f8r vedtak, er det normalt et bevisst normativt valg \u2013 ikke en tilfeldighet.<\/p><\/div><div class=\"thrv_wrapper thrv-divider\" data-style-d=\"tve_sep-1\" data-thickness-d=\"3\" data-color-d=\"rgb(66, 66, 66)\" data-gradient-d=\"linear-gradient(90deg, rgb(66, 66, 66) 0%, rgb(0, 0, 0) 100%)\" data-css=\"tve-u-19b4b922f60\">\n\t<hr class=\"tve_sep tve_sep-1\" style=\"\">\n<\/div><div class=\"thrv_wrapper thrv_text_element\"><h2 data-end=\"3451\" data-start=\"3400\" class=\"\">\u00abAMS-m\u00e5ler\u00bb: Et begrep uten forskriftsforankring<\/h2><p data-end=\"3669\" data-start=\"3453\">Til tross for at forskriften regulerer AMS som system, brukes begrepet \u00abAMS-m\u00e5ler\u00bb i dag n\u00e6rmest som et offisielt uttrykk. Det dukker opp i vedtak, veiledning, kundebrev og offentlig kommunikasjon om <a href=\"https:\/\/ams.monster\/blogg\/smartmalere\/\" target=\"_blank\"><strong data-end=\"3668\" data-start=\"3653\">smartm\u00e5lere<\/strong><\/a>.<\/p><p data-end=\"3687\" data-start=\"3671\">Problemet er at:<\/p><ul data-end=\"3821\" data-start=\"3688\" class=\"\"><li data-end=\"3729\" data-start=\"3688\"><p data-end=\"3729\" data-start=\"3690\">begrepet ikke er definert i forskrift<\/p><\/li><li data-end=\"3777\" data-start=\"3730\"><p data-end=\"3777\" data-start=\"3732\">det ikke forekommer i avregningsforskriften<\/p><\/li><li data-end=\"3821\" data-start=\"3778\"><p data-end=\"3821\" data-start=\"3780\">det ikke har en klar rettslig betydning<\/p><\/li><\/ul><p data-end=\"3921\" data-start=\"3823\">\u00abAMS-m\u00e5ler\u00bb er i praksis et administrativt og bransjemessig samlebegrep \u2013 ikke et juridisk begrep.<\/p><\/div><div class=\"thrv_wrapper thrv-divider\" data-style-d=\"tve_sep-1\" data-thickness-d=\"3\" data-color-d=\"rgb(66, 66, 66)\" data-gradient-d=\"linear-gradient(90deg, rgb(66, 66, 66) 0%, rgb(0, 0, 0) 100%)\" data-css=\"tve-u-19b4b922f60\">\n\t<hr class=\"tve_sep tve_sep-1\" style=\"\">\n<\/div><div class=\"thrv_wrapper thrv_text_element\"><h2 data-end=\"3968\" data-start=\"3923\" class=\"\">N\u00e5r begrepsbruk skaper inntrykk av plikter<\/h2><p data-end=\"4140\" data-start=\"3970\">N\u00e5r et systemkrav i regelverket omtales som et m\u00e5lerkrav i praksis, skjer det noe vesentlig: Spr\u00e5ket kan skape inntrykk av plikter som ikke f\u00f8lger direkte av forskriften.<\/p><p data-end=\"4181\" data-start=\"4142\">Det reiser flere prinsipielle sp\u00f8rsm\u00e5l:<\/p><ul data-end=\"4413\" data-start=\"4182\" class=\"\"><li data-end=\"4255\" data-start=\"4182\"><p data-end=\"4255\" data-start=\"4184\">Kan et systemkrav automatisk tolkes som plikt til \u00e5 bytte str\u00f8mm\u00e5ler?<\/p><\/li><li data-end=\"4360\" data-start=\"4256\"><p data-end=\"4360\" data-start=\"4258\">Kan et produktkrav som ble foresl\u00e5tt, men bevisst fjernet, komme tilbake gjennom praksis og ordbruk?<\/p><\/li><li data-end=\"4413\" data-start=\"4361\"><p data-end=\"4413\" data-start=\"4363\">Hvor g\u00e5r grensen mellom veiledning og normgivning?<\/p><\/li><\/ul><p data-end=\"4577\" data-start=\"4415\">Dette er ikke bare teoretiske sp\u00f8rsm\u00e5l. De har betydning for hvordan <strong data-end=\"4503\" data-start=\"4484\">AMS-regelverket<\/strong> forst\u00e5s \u2013 og for rettssikkerheten til b\u00e5de nettselskaper og sluttbrukere.<\/p><\/div><div class=\"thrv_wrapper thrv-divider\" data-style-d=\"tve_sep-1\" data-thickness-d=\"3\" data-color-d=\"rgb(66, 66, 66)\" data-gradient-d=\"linear-gradient(90deg, rgb(66, 66, 66) 0%, rgb(0, 0, 0) 100%)\" data-css=\"tve-u-19b4b922f60\">\n\t<hr class=\"tve_sep tve_sep-1\" style=\"\">\n<\/div><div class=\"thrv_wrapper thrv_text_element\"><h2 data-end=\"4621\" data-start=\"4579\" class=\"\">Str\u00f8mm\u00e5ler og AMS: To regelverksomr\u00e5der<\/h2><p data-end=\"4746\" data-start=\"4623\">En viktig del av bakgrunnen er at <strong data-end=\"4673\" data-start=\"4657\">str\u00f8mm\u00e5leren<\/strong> og <strong data-end=\"4693\" data-start=\"4677\">AMS-systemet<\/strong> tradisjonelt h\u00f8rer hjemme i ulike regelverksomr\u00e5der.<\/p><p data-end=\"4921\" data-start=\"4748\">Str\u00f8mm\u00e5leren er et m\u00e5leinstrument, underlagt m\u00e5leteknisk regelverk og eget tilsyn under <a href=\"https:\/\/www.justervesenet.no\/tilsyn\/el-malere\/\" target=\"_blank\">Justervesenets<\/a> mandat. AMS er et energiregulert system for innsamling, behandling og tilgjengeliggj\u00f8ring av data.<\/p><p data-end=\"5093\" data-start=\"4923\">Overgangen fra et foresl\u00e5tt produktkrav til et systemkrav kan derfor ogs\u00e5 ses som et fors\u00f8k p\u00e5 \u00e5 holde disse omr\u00e5dene adskilt \u2013 og p\u00e5 \u00e5 sikre teknologin\u00f8ytral regulering.<\/p><\/div><div class=\"thrv_wrapper thrv-divider\" data-style-d=\"tve_sep-1\" data-thickness-d=\"3\" data-color-d=\"rgb(66, 66, 66)\" data-gradient-d=\"linear-gradient(90deg, rgb(66, 66, 66) 0%, rgb(0, 0, 0) 100%)\" data-css=\"tve-u-19b4b922f60\">\n\t<hr class=\"tve_sep tve_sep-1\" style=\"\">\n<\/div><div class=\"thrv_wrapper thrv_text_element\"><h2 data-end=\"5146\" data-start=\"5095\" class=\"\">Hvorfor presis begrepsbruk i AMS-saker er viktig<\/h2><p data-end=\"5283\" data-start=\"5148\">Debatten om AMS har lenge handlet om teknologi, kostnader og personvern. Men minst like viktig er <strong data-end=\"5282\" data-start=\"5246\">presis begrepsbruk i regelverket<\/strong>.<\/p><p data-end=\"5471\" data-start=\"5285\">N\u00e5r begreper som ikke finnes i forskrift brukes som om de har rettslig betydning, kan det skape uklarhet om hva som faktisk er p\u00e5lagt \u2013 og hva som er praksis, forenkling eller antakelse.<\/p><p data-end=\"5497\" data-start=\"5473\">\u00c5 skille tydelig mellom:<\/p><ul data-end=\"5577\" data-start=\"5498\" class=\"\"><li data-end=\"5516\" data-start=\"5498\"><p data-end=\"5516\" data-start=\"5500\">AMS som system<\/p><\/li><li data-end=\"5545\" data-start=\"5517\"><p data-end=\"5545\" data-start=\"5519\">m\u00e5leren som fysisk enhet<\/p><\/li><li data-end=\"5577\" data-start=\"5546\"><p data-end=\"5577\" data-start=\"5548\">administrative samleuttrykk<\/p><\/li><\/ul><p data-end=\"5720\" data-start=\"5579\">er derfor ikke flisespikkeri. Det er en forutsetning for en ryddig, etterrettelig og forutsigbar forst\u00e5else av AMS og smartm\u00e5ler-regelverket.<\/p><\/div><div class=\"thrv_wrapper thrv-divider\" data-style-d=\"tve_sep-1\" data-thickness-d=\"3\" data-color-d=\"rgb(66, 66, 66)\" data-gradient-d=\"linear-gradient(90deg, rgb(66, 66, 66) 0%, rgb(0, 0, 0) 100%)\" data-css=\"tve-u-19b4b922f60\">\n\t<hr class=\"tve_sep tve_sep-1\" style=\"\">\n<\/div><div class=\"thrv_wrapper thrv_text_element\"><h3 data-end=\"5745\" data-start=\"5727\" class=\"\">Videre lesning<\/h3><p data-end=\"5827\" data-start=\"5746\"><a href=\"https:\/\/ams.monster\/blogg\/hva-ams-egentlig-er\/\" target=\"_blank\" class=\"\" style=\"outline: none;\"><em data-end=\"5827\" data-start=\"5746\">Hva AMS egentlig er \u2013 og hvorfor myndighetene ikke forteller deg hele sannheten<\/em><\/a><\/p><\/div><div class=\"thrv_wrapper thrv_text_element\">\t<p><strong>Les ogs\u00e5<\/strong><br><a href=\"http:\/\/AMS-skandalen forklart: Slik bryter RME med EU-direktivet \u2013 og gj\u00f8r AMS om til en m\u00e5ler i norske hjem\" target=\"_blank\">AMS-skandalen forklart: Slik bryter RME med EU-direktivet \u2013 og gj\u00f8r AMS om til en m\u00e5ler i norske hjem<\/a><\/p><\/div>","tve_custom_css":"@media (min-width: 300px){.tcb-post-list[data-css=\"tve-u-170630a041f\"] .post-wrapper.thrv_wrapper { width: calc(100% + 0px); }.tcb-post-list[data-css=\"tve-u-170630a041f\"] .post-wrapper.thrv_wrapper:nth-child(n+2) { margin-top: 10px !important; }.tcb-post-list[data-css=\"tve-u-170630a041f\"] .post-wrapper.thrv_wrapper:not(:nth-child(n+2)) { margin-top: 0px !important; }.tcb-post-list[data-css=\"tve-u-170630a041f\"] .post-wrapper.thrv_wrapper:not(:nth-child(n)) { margin-right: 30px !important; }.tcb-post-list[data-css=\"tve-u-170630a041f\"] .post-wrapper.thrv_wrapper:nth-child(n) { margin-right: 0px !important; }[data-css=\"tve-u-19b4b922f60\"] .tve_sep { width: 100%; border-width: 3px !important; border-color: rgb(66, 66, 66) !important; }[data-css=\"tve-u-19b4baa5548\"] { width: 860px; }[data-css=\"tve-u-19b4c1987e3\"] { width: 697px; }[data-css=\"tve-u-19b4c19a427\"] { margin-top: 0px; margin-left: 0px; }[data-css=\"tve-u-19b4c241d5b\"] .tve_sep { width: 100%; border-width: 3px !important; border-color: rgb(66, 66, 66) !important; }}","tve_user_custom_css":"","tve_globals":{"e":"1","font_cls":[]},"tcb2_ready":1,"tcb_editor_enabled":1,"tve_landing_page":"","_tve_header":"","_tve_footer":""},"categories":[1],"tags":[12],"class_list":["post-27946","post","type-post","status-publish","format-standard","hentry","category-ikke-kategorisert","tag-ams","post-wrapper","thrv_wrapper"],"modified_by":"monster","_links":{"self":[{"href":"https:\/\/ams.monster\/blogg\/wp-json\/wp\/v2\/posts\/27946","targetHints":{"allow":["GET"]}}],"collection":[{"href":"https:\/\/ams.monster\/blogg\/wp-json\/wp\/v2\/posts"}],"about":[{"href":"https:\/\/ams.monster\/blogg\/wp-json\/wp\/v2\/types\/post"}],"author":[{"embeddable":true,"href":"https:\/\/ams.monster\/blogg\/wp-json\/wp\/v2\/users\/5"}],"replies":[{"embeddable":true,"href":"https:\/\/ams.monster\/blogg\/wp-json\/wp\/v2\/comments?post=27946"}],"version-history":[{"count":4,"href":"https:\/\/ams.monster\/blogg\/wp-json\/wp\/v2\/posts\/27946\/revisions"}],"predecessor-version":[{"id":28080,"href":"https:\/\/ams.monster\/blogg\/wp-json\/wp\/v2\/posts\/27946\/revisions\/28080"}],"wp:attachment":[{"href":"https:\/\/ams.monster\/blogg\/wp-json\/wp\/v2\/media?parent=27946"}],"wp:term":[{"taxonomy":"category","embeddable":true,"href":"https:\/\/ams.monster\/blogg\/wp-json\/wp\/v2\/categories?post=27946"},{"taxonomy":"post_tag","embeddable":true,"href":"https:\/\/ams.monster\/blogg\/wp-json\/wp\/v2\/tags?post=27946"}],"curies":[{"name":"wp","href":"https:\/\/api.w.org\/{rel}","templated":true}]}}