{"id":4630,"date":"2019-05-29T11:29:03","date_gmt":"2019-05-29T09:29:03","guid":{"rendered":"https:\/\/ams.monster\/blogg\/?p=4630"},"modified":"2021-01-30T21:32:18","modified_gmt":"2021-01-30T20:32:18","slug":"fake-news-fra-nettselskapene","status":"publish","type":"post","link":"https:\/\/ams.monster\/blogg\/fake-news-fra-nettselskapene\/","title":{"rendered":"Falske nyheter fra nettselskaper"},"content":{"rendered":"<p>Fake news fra Eidsiva Nett (nytt navn: <a style=\"outline: none;\" href=\"https:\/\/www.elvia.no\/\" target=\"_blank\" rel=\"noopener noreferrer\">Elvia<\/a>) p\u00e5 NRK dagsnytt sending. Har ikke <a style=\"outline: none;\" href=\"https:\/\/gfx.nrk.no\/kfBL0EME6zKGXLFzJrnXWAuJ3862xb8uIKRPd3vfTOIw\" target=\"_blank\" rel=\"noopener noreferrer\">direkt\u00f8ren<\/a> John Marius Lynne lest hva som st\u00e5r i forskriften (som gjelder <span style=\"text-decoration: underline;\">kun<\/span> for nettselskapet) og hva som st\u00e5r i den privatrettslige nettleieavtalen de har med kunden? Direkt\u00f8ren og nettselskapet er jo helt fjerne med \u00e5 ikke sette seg inn i de faktiske juridiske forholdene. At det g\u00e5r an \u00e5 dumme seg s\u00e5 ut p\u00e5 mangel p\u00e5 kunnskap og kompetanse. Det er direkte flaut. Se det tekstede intervjuet med forskrifter p\u00e5 dagsnytt sendingen lenger ned p\u00e5 siden.<\/p>\n<p>Det er veldig rart at journalisten ikke har gjort et bedre forarbeid f\u00f8r intervjuet med \u00e5 stille de rette sp\u00f8rsm\u00e5lene. Hvor er det blitt grave journalistikken i dag av den fjerde statsmakt? Det virker som media ikke bryr seg om \u00e5 sette seg inn i ting utenom bare \u00e5 referere til hva andre mener med \u00e5 spre feil fakta. AMS saken har stor allmenn interesse for befolkningen p\u00e5 den m\u00e5ten nettselskapene trakasserer sine kunder som ikke tar hensyn til gjeldende lover og forskrifter som de er pliktig \u00e5 f\u00f8lge n\u00e5r kunden p\u00e5peker dette.<\/p>\n<p>Nettselskapene er s\u00e5 opptatt av \u00e5 h\u00f8re p\u00e5 hva NVE mener de skal gj\u00f8re som ikke ang\u00e5r kunden. Man skulle tro at det var NVE sine meninger som er den korrekte rettskilden &#8211; og ikke lovverket. Det sa en dommer som har sett p\u00e5 nettselskapene sin dokumentasjon. Dette er synsing uten bruk av juridiske fakta med \u00e5 tilegne seg ting som ikke st\u00e5r i skrevet forskriften. NVE legger til rette for slike f\u00f8ringer med \u00e5 blande seg bort i det privatrettslige mellom kunden og nettselskapet i sine vedtak p\u00e5 klager fra kunder. Dette er ganske utrolig at NVE kan bedrive en slik d\u00e5rlig saksbehandling som g\u00e5r p\u00e5 rettsikkerheten til kunden.<\/p>\n<p>Hvor er NVE som vaktbikkje og tilsynsorganet for nettselskapene? NVE m\u00e5 begynne \u00e5 bruke pisken mot nettselskapene. NVE er for mye kompis med nettselskapene som kj\u00f8rer over kundene med sin arroganse med NVE sin velsignelse.<\/p>\n<blockquote><p><a style=\"outline: none;\" href=\"https:\/\/ams.monster\/blogg\/aksjonen-vi-tar-ams-malerne-for-retten-har-vunnet-4-0-til-na\/\" target=\"_blank\" rel=\"noopener noreferrer\">Siste nytt i saken 21.8.19<\/a><a style=\"outline: none;\" href=\"https:\/\/ams.monster\/blogg\/testsite\/na-gar-ams-sakene-til-domstolene\/\" target=\"_blank\" rel=\"noopener noreferrer\">\u200b<\/a><\/p><\/blockquote>\n<blockquote><p><a style=\"outline: none;\" href=\"https:\/\/ams.monster\/blogg\/na-gar-ams-sakene-til-domstolene\/\" target=\"_blank\" rel=\"noopener noreferrer\">Siste nytt i saken 7.6.19<\/a><\/p><\/blockquote>\n<blockquote><p><a style=\"outline: none;\" href=\"https:\/\/ams.monster\/blogg\/juridisk-betenkning-stromselskapene-handler-ulovlig-nar-de-stenger-strommen-for-kunder\" target=\"_blank\" rel=\"noopener noreferrer\">Siste nytt i saken 5.6.19<\/a><\/p><\/blockquote>\n<blockquote><p><a style=\"outline: none;\" href=\"https:\/\/www.nrk.no\/ho\/fikk-kuttet-strommen-etter-at-han-nektet-ny-strommaler-1.14567464\" target=\"_blank\" rel=\"noopener noreferrer\">Nettavis artikkel NRK Hedmark og Oppland<\/a><\/p><\/blockquote>\n<blockquote><p><a style=\"outline: none;\" href=\"https:\/\/www.nrk.no\/ho\/kritiserer-kraftselskaper_---arrogante-monopolister-1.14568847\" target=\"_blank\" rel=\"noopener noreferrer\">Kritiserer kraftselskaper: \u2013 Arrogante monopolister<\/a><\/p><\/blockquote>\n<blockquote><p><a style=\"outline: none;\" href=\"https:\/\/einarflydal.com\/2019\/05\/31\/ams-malerne-og-stromutkopling-sykkylven-energi-boyde-av-hva-vil-skje-i-hedmark-oppland-og-hva-bor-du-gjore-selv\/\" target=\"_blank\" rel=\"noopener noreferrer\">Advokater er satt p\u00e5 saken mot nettselskapene finner du i dette innlegget<\/a><\/p><\/blockquote>\n<h4><strong>Nyhetssaker p\u00e5 NRK Dagsnytt<\/strong><\/h4>\n<p>Dagsrevyen saken hvor Eidsiva Nett stenger str\u00f8mmen for kunder som nekter \u00e5 bytte m\u00e5ler. I intervjuet lyver direkt\u00f8ren p\u00e5 direkten p\u00e5 hva som faktisk st\u00e5r skrevet i forskriften og hva nettleieavtalen faktisk sier om hvilket grunnlag man kan stenge str\u00f8mmen. F\u00f8lg med p\u00e5 tekstingen. Det er skremmende uvitenhet fra Eidsiva Nett p\u00e5 de juridiske avtalene de har med kundene.<\/p>\n<p>Dagsrevyen intervju med str\u00e5levernet. Hva skal man si om statlige etater som fornekter det meste. Hvem er det str\u00e5levernet egentlig skal beskytte? Det er ikke noe krav om legeattest for \u00e5 f\u00e5 et lovlig fritak etter forskriften som det sies i reportasjen.<\/p>\n<p><strong>Tips:<\/strong> Ikke diskuter str\u00e5ling med ditt nettselskap, da kan det henvises til noe. Sett deg inn i forskriftene og nettleieavtalen i kommunikasjon med nettselskapet. Da for de et juridisk forklaringsproblem, og det blir stille fra den fronten. Folk m\u00e5 sette seg inn i AMS materien, da vil du se l\u00f8sningen.<\/p>\n<p>&nbsp;<\/p>\n<p>&nbsp;<\/p>\n<p>&nbsp;<\/p>\n<p>&nbsp;<\/p>\n<p>&nbsp;<\/p>\n","protected":false},"excerpt":{"rendered":"<p>Fake news fra Eidsiva Nett (nytt navn: Elvia) p\u00e5 NRK dagsnytt sending. Har ikke direkt\u00f8ren John Marius Lynne lest hva som st\u00e5r i forskriften (som gjelder kun for nettselskapet) og hva som st\u00e5r i den privatrettslige nettleieavtalen de har med kunden? Direkt\u00f8ren og nettselskapet er jo helt fjerne med \u00e5 ikke sette seg inn i [&hellip;]<\/p>\n","protected":false},"author":5,"featured_media":0,"comment_status":"open","ping_status":"closed","sticky":false,"template":"","format":"standard","meta":{"_lmt_disableupdate":"yes","_lmt_disable":"no","footnotes":"","tve_updated_post":"<div class=\"thrv_wrapper thrv_text_element\"><h3 data-end=\"370\" data-start=\"305\"><strong data-end=\"370\" data-start=\"309\">Falske nyheter fra Eidsiva Nett (n\u00e5 Elvia) i NRK Dagsnytt<\/strong><\/h3><p data-end=\"854\" data-start=\"372\">Har direkt\u00f8r <a href=\"https:\/\/gfx.nrk.no\/kfBL0EME6zKGXLFzJrnXWAuJ3862xb8uIKRPd3vfTOIw\" target=\"_blank\"><strong data-end=\"406\" data-start=\"385\">John Marius Lynne<\/strong><\/a> i Eidsiva Nett (n\u00e5 <a href=\"https:\/\/www.elvia.no\/\" target=\"_blank\" class=\"\" style=\"outline: none;\">Elvia<\/a>) unnlatt \u00e5 lese hva som faktisk st\u00e5r i regelverket \u2014 som kun gjelder nettselskapet \u2014 og i den <strong data-end=\"561\" data-start=\"526\">privatrettslige nettleieavtalen<\/strong> de har med sine kunder?<br data-start=\"585\" data-end=\"588\">Direkt\u00f8ren og nettselskapet virker helt fjerne fra de faktiske juridiske forholdene. At man kan dumme seg ut p\u00e5 denne m\u00e5ten tyder p\u00e5 mangel p\u00e5 kunnskap og kompetanse. Det er rett og slett pinlig.<br data-start=\"783\" data-end=\"786\">Se det tekstede intervjuet i Dagsnytt-sendingen lenger ned p\u00e5 siden.<\/p><h3 data-end=\"902\" data-start=\"861\"><strong data-end=\"902\" data-start=\"865\">Hvor er journalistikken blitt av?<\/strong><\/h3><p data-end=\"1246\" data-start=\"904\">Det er sv\u00e6rt merkelig at journalisten ikke gjorde bedre forberedelser f\u00f8r intervjuet ved \u00e5 stille de riktige sp\u00f8rsm\u00e5lene.<br data-start=\"1025\" data-end=\"1028\">Hvor er <strong data-end=\"1059\" data-start=\"1036\">gravjournalistikken<\/strong> \u2013 den fjerde statsmakt \u2013 blitt av?<br data-start=\"1094\" data-end=\"1097\">Det virker som om media ikke lenger bryr seg om \u00e5 sette seg inn i fakta, men bare <strong data-end=\"1206\" data-start=\"1179\">gjentar hva andre mener<\/strong>, og dermed sprer <strong data-end=\"1243\" data-start=\"1224\">feilinformasjon<\/strong>.<\/p><p data-end=\"1401\" data-start=\"1248\">AMS-saken har stor allmenn interesse, s\u00e6rlig med tanke p\u00e5 hvordan nettselskapene <strong data-end=\"1351\" data-start=\"1329\">trakasserer kunder<\/strong> som p\u00e5peker juridiske feil i selskapenes praksis.<\/p><h3 data-end=\"1457\" data-start=\"1408\"><strong data-end=\"1457\" data-start=\"1412\">NVE og nettselskapene \u2013 et uklart forhold<\/strong><\/h3><p data-end=\"1727\" data-start=\"1459\">Nettselskapene lytter mer til hva <strong data-end=\"1506\" data-start=\"1493\">NVE mener<\/strong>, enn til hva <strong data-end=\"1546\" data-start=\"1520\">lovverket faktisk sier<\/strong>.<br data-start=\"1547\" data-end=\"1550\">Man skulle tro NVEs meninger var en rettskilde \u2013 men det er de ikke.<br data-start=\"1618\" data-end=\"1621\">En dommer har p\u00e5pekt at nettselskapene driver med <strong data-end=\"1705\" data-start=\"1671\">synsing uten juridisk grunnlag<\/strong> for sine p\u00e5stander.<\/p><p data-end=\"1969\" data-start=\"1729\">NVE legger til rette for slik praksis ved \u00e5 blande seg inn i <strong data-end=\"1817\" data-start=\"1790\">privatrettslige forhold<\/strong> mellom kunden og nettselskapet i sine klagesaker.<br data-start=\"1867\" data-end=\"1870\">Det er <strong data-end=\"1896\" data-start=\"1877\">bekymringsfullt<\/strong> at NVE driver med saksbehandling som svekker <strong data-end=\"1968\" data-start=\"1942\">kundens rettssikkerhet<\/strong>.<\/p><p data-end=\"2159\" data-start=\"1971\">Hvor er <strong data-end=\"2014\" data-start=\"1979\">NVE som vaktbikkje og regulator<\/strong>?<br data-start=\"2015\" data-end=\"2018\">I stedet for \u00e5 stille krav, opptrer NVE som <strong data-end=\"2072\" data-start=\"2062\">kompis<\/strong> med nettselskapene, som dermed f\u00e5r ture frem med sin arroganse \u2013 med NVEs velsignelse.<\/p><h3 data-end=\"2192\" data-start=\"2166\"><strong data-end=\"2192\" data-start=\"2170\">Siste nytt i saken<\/strong><\/h3><ul data-end=\"2237\" data-start=\"2193\"><li data-end=\"2207\" data-start=\"2193\"><a href=\"https:\/\/ams.monster\/blogg\/aksjonen-vi-tar-ams-malerne-for-retten-har-vunnet-4-0-til-na\/\" target=\"_blank\">21.08.2019<\/a><\/li><li data-end=\"2222\" data-start=\"2208\"><a href=\"https:\/\/ams.monster\/blogg\/na-gar-ams-sakene-til-domstolene\/\" target=\"_blank\">07.06.2019<\/a><\/li><li data-end=\"2237\" data-start=\"2223\"><a href=\"https:\/\/ams.monster\/blogg\/juridisk-betenkning-stromselskapene-handler-ulovlig-nar-de-stenger-strommen-for-kunder\" target=\"_blank\">05.06.2019<\/a><\/li><\/ul><p data-end=\"2345\" data-start=\"2239\"><strong data-end=\"2286\" data-start=\"2239\">Nettavis-artikkel <\/strong><a href=\"https:\/\/www.nrk.no\/ho\/fikk-kuttet-strommen-etter-at-han-nektet-ny-strommaler-1.14567464\" target=\"_blank\" class=\"\" style=\"outline: none;\"><strong data-end=\"2286\" data-start=\"2239\">(NRK Hedmark og Oppland)<\/strong><\/a><strong data-end=\"2286\" data-start=\"2239\">:<\/strong><br data-start=\"2286\" data-end=\"2289\"><a href=\"https:\/\/www.nrk.no\/ho\/kritiserer-kraftselskaper_---arrogante-monopolister-1.14568847\" target=\"_blank\" class=\"\" style=\"outline: none;\"><em data-end=\"2343\" data-start=\"2289\">Kritiserer kraftselskaper \u2013 \u00abArrogante monopolister\u00bb<\/em><\/a><\/p><p data-end=\"2407\" data-start=\"2347\"><strong data-end=\"2358\" data-start=\"2347\">Flydal:<\/strong>\n<a href=\"https:\/\/einarflydal.com\/2019\/05\/31\/ams-malerne-og-stromutkopling-sykkylven-energi-boyde-av-hva-vil-skje-i-hedmark-oppland-og-hva-bor-du-gjore-selv\/\" target=\"_blank\"><em data-end=\"2407\" data-start=\"2359\">Advokater er satt p\u00e5 saken mot nettselskapene.<\/em><\/a><\/p><h3 data-end=\"2440\" data-start=\"2414\"><strong data-end=\"2440\" data-start=\"2418\">NRK Dagsnytt-saken<\/strong><\/h3><p data-end=\"2706\" data-start=\"2442\">I Dagsrevyen-sendingen ble det vist et intervju der <strong data-end=\"2510\" data-start=\"2494\">Eidsiva Nett<\/strong> stenger str\u00f8mmen for kunder som nekter \u00e5 bytte m\u00e5ler.<br data-start=\"2564\" data-end=\"2567\">I intervjuet <strong data-end=\"2600\" data-start=\"2580\">lyver direkt\u00f8ren<\/strong> rett ut om hva forskriften og <strong data-end=\"2658\" data-start=\"2631\">standard nettleieavtale<\/strong> faktisk sier om vilk\u00e5r for stenging av str\u00f8m.<\/p><p data-end=\"2851\" data-start=\"2708\">F\u00f8lg med p\u00e5 tekstingen \u2013 det er <strong data-end=\"2764\" data-start=\"2740\">skremmende uvitenhet<\/strong> fra Eidsiva Nett om de juridiske standardavtalene de selv har inng\u00e5tt med sine kunder.<\/p><\/div><div class=\"thrv_responsive_video thrv_wrapper rv_style_lifted_style6\" data-type=\"youtube\" data-rel=\"0\" data-aspect-ratio=\"16:9\" data-aspect-ratio-default=\"0\" data-float-visibility=\"mobile\" data-url=\"https:\/\/youtu.be\/-cSp_W8HO5k\" data-css=\"tve-u-1721cd9fe64\" data-float-position=\"top-left\" data-float-width-d=\"300px\" data-float-padding1-d=\"25px\" data-float-padding2-d=\"25px\" style=\"\">\n\t\n\n\t<div class=\"tve_responsive_video_container\" style=\"padding-bottom: 56.25%;\">\n\t\t<div class=\"tcb-video-float-container\"><div class=\"video_overlay\"><\/div><iframe class=\"tcb-responsive-video\" data-code=\"-cSp_W8HO5k\" data-provider=\"youtube\" frameborder=\"0\" allowfullscreen=\"\" data-src=\"https:\/\/www.youtube.com\/embed\/-cSp_W8HO5k?rel=0&amp;modestbranding=0&amp;controls=1&amp;showinfo=1&amp;fs=1&amp;wmode=transparent&amp;enablejsapi=1\"><\/iframe><\/div>\n\t<\/div>\n<\/div><div class=\"thrv_wrapper thrv_text_element\"><h3 data-end=\"2902\" data-start=\"2858\"><strong data-end=\"2902\" data-start=\"2862\">Dagsrevyen-intervju med Str\u00e5levernet<\/strong><\/h3><p data-end=\"3150\" data-start=\"2904\">Hva skal man si om offentlige etater som <strong data-end=\"2969\" data-start=\"2945\">nekter for det meste<\/strong>?<br data-start=\"2970\" data-end=\"2973\">Hvem skal egentlig Str\u00e5levernet beskytte?<br data-start=\"3014\" data-end=\"3017\">Det er <strong data-end=\"3054\" data-start=\"3024\">ikke krav om legeerkl\u00e6ring<\/strong> for \u00e5 f\u00e5 fritak for AMS etter gjeldende regelverk, slik det fremg\u00e5r av den juridiske rapporten.<\/p><h3 data-end=\"3186\" data-start=\"3157\"><strong data-end=\"3186\" data-start=\"3161\">Anbefaling til kunder<\/strong><\/h3><p data-end=\"3458\" data-start=\"3188\">Ikke diskuter <strong data-end=\"3214\" data-start=\"3202\">str\u00e5ling<\/strong> med nettselskapet ditt \u2013 da blir du ofte avsporet.<br data-start=\"3265\" data-end=\"3268\">Sett deg heller inn i <strong data-end=\"3306\" data-start=\"3290\">forskriftene<\/strong> og <strong data-end=\"3329\" data-start=\"3310\">nettleieavtalen<\/strong> f\u00f8r du kommuniserer med dem.<br data-start=\"3358\" data-end=\"3361\">Da f\u00e5r de et <strong data-end=\"3405\" data-start=\"3374\">juridisk forklaringsproblem<\/strong>, og ofte ender det med <strong data-end=\"3440\" data-start=\"3429\">taushet<\/strong> fra deres side.<\/p><p data-end=\"3664\" data-start=\"3460\">F\u00e5r du svar, unng\u00e5r de gjerne \u00e5 svare p\u00e5 <strong data-end=\"3527\" data-start=\"3501\">det du faktisk sp\u00f8r om<\/strong>.<br data-start=\"3528\" data-end=\"3531\">Folk m\u00e5 sette seg inn i <strong data-end=\"3571\" data-start=\"3555\">AMS-materien<\/strong> \u2013 og forst\u00e5 hva som faktisk installeres i ditt private hjem.<br data-start=\"3632\" data-end=\"3635\">Da ser du ogs\u00e5 <strong data-end=\"3663\" data-start=\"3650\">l\u00f8sningen<\/strong>.<\/p><\/div><div class=\"thrv_responsive_video thrv_wrapper rv_style_lifted_style6\" data-aspect-ratio=\"16:9\" data-float-visibility=\"mobile\" data-overlay=\"0\" data-type=\"custom\" data-no-download=\"1\" data-float=\"false\" data-aspect-ratio-default=\"0\" data-css=\"tve-u-1721cdc4c09\" style=\"\" data-float-position=\"top-left\" data-float-width-d=\"300px\" data-float-padding1-d=\"25px\" data-float-padding2-d=\"25px\">\n\t\n\n\t<div class=\"tve_responsive_video_container\" style=\"padding-bottom: 56.25%;\">\n\t\t<div class=\"tcb-video-float-container\"><div class=\"video_overlay\"><\/div><video style=\"width: 100%;\" playsinline=\"\" class=\"tcb-responsive-video\" data-title=\"3-nrk-dagsrevyen-stralevern\" data-id=\"695\" controls=\"controls\" controlslist=\"nodownload\" preload=\"metadata\">\n\t<source src=\"https:\/\/ams.monster\/blogg\/wp-content\/uploads\/2019\/05\/3-nrk-dagsrevyen-stralevern-1.mp4#t=0.1\" type=\"video\/mp4\">\n<\/video><\/div>\n\t\n\n\n<\/div>\n<\/div>","tve_custom_css":"@media (min-width: 300px){[data-css=\"tve-u-1721cd9fe64\"] { margin-top: 0px !important; }[data-css=\"tve-u-1721cdc4c09\"] { margin-top: 0px !important; }.tcb-post-list[data-css=\"tve-u-170630a041f\"] .post-wrapper.thrv_wrapper { width: calc(100% + 0px); }.tcb-post-list[data-css=\"tve-u-170630a041f\"] .post-wrapper.thrv_wrapper:nth-child(n+2) { margin-top: 10px !important; }.tcb-post-list[data-css=\"tve-u-170630a041f\"] .post-wrapper.thrv_wrapper:not(:nth-child(n+2)) { margin-top: 0px !important; }.tcb-post-list[data-css=\"tve-u-170630a041f\"] .post-wrapper.thrv_wrapper:not(:nth-child(n)) { margin-right: 30px !important; }.tcb-post-list[data-css=\"tve-u-170630a041f\"] .post-wrapper.thrv_wrapper:nth-child(n) { margin-right: 0px !important; }}","tve_user_custom_css":"","tve_globals":{"e":"1","font_cls":[]},"tcb2_ready":1,"tcb_editor_enabled":1,"tve_landing_page":"","_tve_header":"0","_tve_footer":"0"},"categories":[40,70,60],"tags":[127,51],"class_list":["post-4630","post","type-post","status-publish","format-standard","hentry","category-ams","category-elvia","category-stenging","tag-eidsiva","tag-stenging","post-wrapper","thrv_wrapper"],"modified_by":"monster","_links":{"self":[{"href":"https:\/\/ams.monster\/blogg\/wp-json\/wp\/v2\/posts\/4630","targetHints":{"allow":["GET"]}}],"collection":[{"href":"https:\/\/ams.monster\/blogg\/wp-json\/wp\/v2\/posts"}],"about":[{"href":"https:\/\/ams.monster\/blogg\/wp-json\/wp\/v2\/types\/post"}],"author":[{"embeddable":true,"href":"https:\/\/ams.monster\/blogg\/wp-json\/wp\/v2\/users\/5"}],"replies":[{"embeddable":true,"href":"https:\/\/ams.monster\/blogg\/wp-json\/wp\/v2\/comments?post=4630"}],"version-history":[{"count":4,"href":"https:\/\/ams.monster\/blogg\/wp-json\/wp\/v2\/posts\/4630\/revisions"}],"predecessor-version":[{"id":25981,"href":"https:\/\/ams.monster\/blogg\/wp-json\/wp\/v2\/posts\/4630\/revisions\/25981"}],"wp:attachment":[{"href":"https:\/\/ams.monster\/blogg\/wp-json\/wp\/v2\/media?parent=4630"}],"wp:term":[{"taxonomy":"category","embeddable":true,"href":"https:\/\/ams.monster\/blogg\/wp-json\/wp\/v2\/categories?post=4630"},{"taxonomy":"post_tag","embeddable":true,"href":"https:\/\/ams.monster\/blogg\/wp-json\/wp\/v2\/tags?post=4630"}],"curies":[{"name":"wp","href":"https:\/\/api.w.org\/{rel}","templated":true}]}}