{"id":923,"date":"2019-06-25T08:59:59","date_gmt":"2019-06-25T06:59:59","guid":{"rendered":"https:\/\/ams.monster\/blogg\/?p=923"},"modified":"2021-01-30T21:30:23","modified_gmt":"2021-01-30T20:30:23","slug":"na-gar-ams-sakene-til-domstolene","status":"publish","type":"post","link":"https:\/\/ams.monster\/blogg\/na-gar-ams-sakene-til-domstolene\/","title":{"rendered":"N\u00e5 g\u00e5r AMS sakene til domstolene"},"content":{"rendered":"<p>Saken er oppdatert 6\/11. Den 7\/6 sendes de f\u00f8rste av flere krav til domstolene om at nettselskapene m\u00e5 kople tilbake str\u00f8m og trekke tilbake stengningvarsler hos folk som har nektet utskifting av str\u00f8mm\u00e5lere. Vi st\u00e5r framfor rettsprosesser som tar utgangspunkt i str\u00f8mmonopolenes leveringsplikt, men kommer ogs\u00e5 til \u00e5 ta for seg andre aspekter.\u00a0<a href=\"https:\/\/einarflydal.com\/2019\/06\/07\/ams-malerne-na-gar-sakene-til-domstolene\/\" target=\"_blank\" rel=\"noopener noreferrer\">Les hele innlegget her.<\/a><\/p>\n<p>Einar Flydal sine oppdateringer i stenge saken med Eidsiva Nett og Tr\u00f8nder Energi:<\/p>\n<p><strong>Siste nytt:<\/strong>6\/11-19\u00a0<a style=\"outline: none;\" href=\"https:\/\/einarflydal.com\/2019\/11\/05\/vi-tar-ams-malerne-for-retten-trinn-2-starter-na-og-vi-stoler-pa-deg\/\" target=\"_blank\" rel=\"noopener noreferrer\">Siden nettselskapene trakk seg \u2013 og vi vant \u2013 i 4 av 4 saker<\/a>2\/11-19\u00a0<a style=\"outline: none;\" href=\"https:\/\/einarflydal.com\/2019\/11\/02\/aksjonen-vi-tar-ams-malerne-for-retten-trinn-1-okonomisk-oversikt\/\" target=\"_blank\" rel=\"noopener noreferrer\">Aksjonen Vi tar AMS-m\u00e5lerne for retten!, Trinn 1: \u00d8konomisk oversikt<\/a>21\/8-19\u00a0<a style=\"outline: none;\" href=\"https:\/\/einarflydal.com\/2019\/08\/21\/status-sa-langt-4-0-til-dem-som-nekter-a-skifte-til-ams-maler-av-helsegrunner\/\" target=\"_blank\" rel=\"noopener noreferrer\">Status s\u00e5 langt: 4 \u2013 0 til dem som nekter \u00e5 skifte til AMS-m\u00e5ler<\/a>25\/6-19\u00a0<a style=\"outline: none;\" href=\"https:\/\/einarflydal.com\/2019\/06\/25\/eidsiva-nett-stenger-strommen-en-argumentasjonsanalyse\/\" target=\"_blank\" rel=\"noopener noreferrer\">Eidsiva Nett stenger str\u00f8mmen: en argumentasjonsanalyse<\/a>20\/6-19\u00a0<a style=\"outline: none;\" href=\"https:\/\/einarflydal.com\/2019\/06\/20\/eidsiva-nett-og-samfunnsansvaret-notat-fra-advokatfirmaet-schjodt-as\/\" target=\"_blank\" rel=\"noopener noreferrer\">Eidsiva Nett og samfunnsansvaret, notat fra Advokatfirmaet Schj\u00f8dt AS<\/a>18\/6-19\u00a0<a style=\"outline: none;\" href=\"https:\/\/einarflydal.com\/2019\/06\/18\/maktmisbruk-fra-eidsiva-problemet-bakenfor-og-veien-videre\/\" target=\"_blank\" rel=\"noopener noreferrer\">Les Einar Flydal sitt innlegg med \u201cMaktmisbruk fra Eidsiva, problemet bakenfor \u2013 og veien videre\u201d<\/a><\/p>\n<blockquote><p><strong><a href=\"https:\/\/ams.monster\/blogg\/kan-nettselskapet-stenge-kundens-strom\/\">Les ogs\u00e5<\/a><\/strong><a style=\"outline: none;\" href=\"https:\/\/ams.monster\/blogg\/kan-nettselskapet-stenge-kundens-strom\/\">Kan nettselskapene stenge kundens str\u00f8m etter nettleieavtalen?<\/a><\/p><\/blockquote>\n","protected":false},"excerpt":{"rendered":"<p>Saken er oppdatert 6\/11. Den 7\/6 sendes de f\u00f8rste av flere krav til domstolene om at nettselskapene m\u00e5 kople tilbake str\u00f8m og trekke tilbake stengningvarsler hos folk som har nektet utskifting av str\u00f8mm\u00e5lere. Vi st\u00e5r framfor rettsprosesser som tar utgangspunkt i str\u00f8mmonopolenes leveringsplikt, men kommer ogs\u00e5 til \u00e5 ta for seg andre aspekter.\u00a0Les hele innlegget [&hellip;]<\/p>\n","protected":false},"author":5,"featured_media":0,"comment_status":"open","ping_status":"closed","sticky":false,"template":"","format":"standard","meta":{"_lmt_disableupdate":"yes","_lmt_disable":"no","footnotes":"","tve_updated_post":"<div class=\"thrv_wrapper thrv_text_element\"><p data-end=\"272\" data-start=\"244\"><strong data-end=\"272\" data-start=\"244\">Saken er oppdatert 6\/11.<\/strong><\/p><p data-end=\"479\" data-start=\"274\">Den <strong data-end=\"289\" data-start=\"278\">7. juni<\/strong> sendes de f\u00f8rste av flere krav til domstolene om at nettselskapene m\u00e5 <strong data-end=\"386\" data-start=\"360\">kople tilbake str\u00f8mmen<\/strong> og <strong data-end=\"426\" data-start=\"390\">trekke tilbake stengningsvarsler<\/strong> hos folk som har nektet utskifting av str\u00f8mm\u00e5lere.<\/p><p data-end=\"663\" data-start=\"481\">Vi st\u00e5r n\u00e5 foran <strong data-end=\"516\" data-start=\"498\">rettsprosesser<\/strong> som tar utgangspunkt i <strong data-end=\"575\" data-start=\"540\">str\u00f8mmonopolenes leveringsplikt<\/strong>, men som ogs\u00e5 vil belyse flere andre sider ved AMS-saken.<br data-start=\"633\" data-end=\"636\"><strong data-end=\"663\" data-start=\"636\">Les hele innlegget her.<\/strong><\/p><h6 data-end=\"754\" data-start=\"670\" class=\"\">Einar Flydal sine oppdateringer i stengesaken med Eidsiva Nett og Tr\u00f8nder Energi<\/h6><p data-end=\"771\" data-start=\"756\"><strong data-end=\"771\" data-start=\"756\">Siste nytt:<\/strong><\/p><ul><li><strong data-end=\"771\" data-start=\"756\"><a href=\"https:\/\/einarflydal.com\/2019\/11\/05\/vi-tar-ams-malerne-for-retten-trinn-2-starter-na-og-vi-stoler-pa-deg\/\" target=\"_blank\" class=\"\" style=\"outline: none;\"><\/a>6\/11-2019 <a href=\"https:\/\/einarflydal.com\/2019\/11\/05\/vi-tar-ams-malerne-for-retten-trinn-2-starter-na-og-vi-stoler-pa-deg\/\" target=\"_blank\" class=\"\" style=\"outline: none;\">Siden nettselskapene trakk seg \u2013 og vi vant \u2013 i 4 av 4 saker<\/a><br><\/strong><\/li><li><strong data-end=\"771\" data-start=\"756\">2\/11-2019&nbsp;<a href=\"https:\/\/einarflydal.com\/2019\/11\/02\/aksjonen-vi-tar-ams-malerne-for-retten-trinn-1-okonomisk-oversikt\/\" target=\"_blank\" class=\"\" style=\"outline: none;\">Aksjonen Vi tar AMS-m\u00e5lerne for retten!, Trinn 1: \u00d8konomisk oversikt<\/a><\/strong><\/li><li><strong data-end=\"771\" data-start=\"756\">21\/8-2019&nbsp;<a href=\"https:\/\/einarflydal.com\/2019\/08\/21\/status-sa-langt-4-0-til-dem-som-nekter-a-skifte-til-ams-maler-av-helsegrunner\/\" target=\"_blank\" class=\"\" style=\"outline: none;\">Status s\u00e5 langt: 4 \u2013 0 til dem som nekter \u00e5 skifte til AMS-m\u00e5ler<\/a><\/strong><\/li><li><strong data-end=\"771\" data-start=\"756\">25\/6-2019&nbsp;<a href=\"https:\/\/einarflydal.com\/2019\/06\/25\/eidsiva-nett-stenger-strommen-en-argumentasjonsanalyse\/\" target=\"_blank\" class=\"\" style=\"outline: none;\">Eidsiva Nett stenger str\u00f8mmen: en argumentasjonsanalyse<\/a><\/strong><\/li><li><strong data-end=\"771\" data-start=\"756\">20\/6-2019&nbsp;<a href=\"https:\/\/einarflydal.com\/2019\/06\/20\/eidsiva-nett-og-samfunnsansvaret-notat-fra-advokatfirmaet-schjodt-as\/\" target=\"_blank\">Eidsiva Nett og samfunnsansvaret, notat fra Advokatfirmaet Schj\u00f8dt AS<\/a><\/strong><\/li><li \"=\"\" 771\"=\"\" class=\" data-end=\" data-start=\"756\"><strong data-end=\"771\" data-start=\"756\">18\/6-2019&nbsp;<a href=\"https:\/\/einarflydal.com\/2019\/06\/18\/maktmisbruk-fra-eidsiva-problemet-bakenfor-og-veien-videre\/\" target=\"_blank\">Les Einar Flydal sitt innlegg med \u201cMaktmisbruk fra Eidsiva, problemet bakenfor \u2013 og veien videre\u201d<\/a><\/strong><strong><br><\/strong><\/li><\/ul><blockquote class=\"\"><strong><a href=\"https:\/\/ams.monster\/blogg\/kan-nettselskapet-stenge-kundens-strom\/\" class=\"\" style=\"outline: none;\">Les ogs\u00e5<\/a><\/strong><br><a class=\"\" href=\"https:\/\/ams.monster\/blogg\/kan-nettselskapet-stenge-kundens-strom\/\" style=\"outline: none;\">Kan nettselskapene stenge kundens str\u00f8m etter nettleieavtalen?<\/a><br><\/blockquote><\/div>","tve_custom_css":"@media (min-width: 300px){.tcb-post-list[data-css=\"tve-u-170630a041f\"] .post-wrapper.thrv_wrapper { width: calc(100% + 0px); }.tcb-post-list[data-css=\"tve-u-170630a041f\"] .post-wrapper.thrv_wrapper:nth-child(n+2) { margin-top: 10px !important; }.tcb-post-list[data-css=\"tve-u-170630a041f\"] .post-wrapper.thrv_wrapper:not(:nth-child(n+2)) { margin-top: 0px !important; }.tcb-post-list[data-css=\"tve-u-170630a041f\"] .post-wrapper.thrv_wrapper:not(:nth-child(n)) { margin-right: 30px !important; }.tcb-post-list[data-css=\"tve-u-170630a041f\"] .post-wrapper.thrv_wrapper:nth-child(n) { margin-right: 0px !important; }}","tve_user_custom_css":"","tve_globals":{"e":"1","font_cls":[]},"tcb2_ready":1,"tcb_editor_enabled":1,"tve_landing_page":"","_tve_header":"0","_tve_footer":"0"},"categories":[43,60,44],"tags":[12,30,59],"class_list":["post-923","post","type-post","status-publish","format-standard","hentry","category-ams-malerne","category-stenging","category-tingrett","tag-ams","tag-flydal","tag-tingrett","post-wrapper","thrv_wrapper"],"modified_by":"monster","_links":{"self":[{"href":"https:\/\/ams.monster\/blogg\/wp-json\/wp\/v2\/posts\/923","targetHints":{"allow":["GET"]}}],"collection":[{"href":"https:\/\/ams.monster\/blogg\/wp-json\/wp\/v2\/posts"}],"about":[{"href":"https:\/\/ams.monster\/blogg\/wp-json\/wp\/v2\/types\/post"}],"author":[{"embeddable":true,"href":"https:\/\/ams.monster\/blogg\/wp-json\/wp\/v2\/users\/5"}],"replies":[{"embeddable":true,"href":"https:\/\/ams.monster\/blogg\/wp-json\/wp\/v2\/comments?post=923"}],"version-history":[{"count":4,"href":"https:\/\/ams.monster\/blogg\/wp-json\/wp\/v2\/posts\/923\/revisions"}],"predecessor-version":[{"id":27764,"href":"https:\/\/ams.monster\/blogg\/wp-json\/wp\/v2\/posts\/923\/revisions\/27764"}],"wp:attachment":[{"href":"https:\/\/ams.monster\/blogg\/wp-json\/wp\/v2\/media?parent=923"}],"wp:term":[{"taxonomy":"category","embeddable":true,"href":"https:\/\/ams.monster\/blogg\/wp-json\/wp\/v2\/categories?post=923"},{"taxonomy":"post_tag","embeddable":true,"href":"https:\/\/ams.monster\/blogg\/wp-json\/wp\/v2\/tags?post=923"}],"curies":[{"name":"wp","href":"https:\/\/api.w.org\/{rel}","templated":true}]}}